{"id":1926,"date":"2025-11-24T14:34:53","date_gmt":"2025-11-24T13:34:53","guid":{"rendered":"https:\/\/www.stresnyboxds.sk\/?p=1926"},"modified":"2025-11-24T14:38:32","modified_gmt":"2025-11-24T13:38:32","slug":"tetocsomagtarto-berlese","status":"publish","type":"post","link":"https:\/\/www.stresnyboxds.sk\/hu\/2025\/11\/24\/tetocsomagtarto-berlese\/","title":{"rendered":"Mi\u00e9rt b\u00e9reljen tet\u0151csomagtart\u00f3t?\u00a0(Ha egyszer\u0171en kev\u00e9s a hely)\u00a0"},"content":{"rendered":"\n<p>Minden aut\u00f3s tudja: ha kir\u00e1ndul\u00e1sra pakol, a csomagtart\u00f3 tele van, \u00e9s a dolgok fel\u00e9nek m\u00e9g mindig nincs meg a helye. Babakocsi, s\u00edl\u00e9c, s\u00edfelszerel\u00e9s, b\u0151r\u00f6nd\u00f6k, j\u00e1t\u00e9kok&#8230; Egyszer\u0171en mindig kev\u00e9s a hely.&nbsp;<br>Ebben az esetben lehet hatalmas seg\u00edts\u00e9g egy tet\u0151csomagtart\u00f3. Felszabad\u00edtja az utasteret, jav\u00edtja a vezet\u0151 sz\u00e1m\u00e1ra a kil\u00e1t\u00e1st, \u00e9s megsz\u00fcnteti a k\u00e1oszt az aut\u00f3n bel\u00fcl. A zs\u00fafolt \u00fcl\u00e9sek helyett mindent k\u00e9nyelmesen elhelyezhet\u00fcnk a tet\u0151n, ahol senkinek sincs \u00fatban.&nbsp;<br>Ha \u00e9vente csak n\u00e9h\u00e1nyszor kell egy tet\u0151box, a b\u00e9rl\u00e9s logikusabb megold\u00e1s. Nem kell t\u00f6bb sz\u00e1z eur\u00f3t befektetni, t\u00e1rol\u00e1ssal vagy \u00f6sszeszerel\u00e9ssel bajl\u00f3dni. Egyszer\u0171en b\u00e9reljen egy magas min\u0151s\u00e9g\u0171 <strong>tet\u0151boxot<\/strong>, ak\u00e1r egy pr\u00e9mium <strong>Thule tet\u0151csomagtart\u00f3t<\/strong>, \u00e9s csak adja le az utaz\u00e1s v\u00e9gezt\u00e9vel.&nbsp;<\/p>\n\n\n\n<h2>Mi\u00e9rt ne kock\u00e1ztassunk egy zs\u00fafolt bels\u0151 t\u00e9rrel&nbsp;<\/h2>\n\n\n\n<p>Amikor megpr\u00f3b\u00e1lunk mindent begy\u00f6m\u00f6sz\u00f6lni az aut\u00f3ba, gyakran olyan kompromisszumokhat kell k\u00f6tn\u00fcnk, amelyek nem biztons\u00e1gosak vagy k\u00e9nyelmesek. Az \u00fcl\u00e9seken l\u00e9v\u0151 t\u00e1sk\u00e1k, k\u00f6nnyen mozg\u00f3 t\u00e1rgyak az utast\u00e9rben korl\u00e1tozhatj\u00e1k az aut\u00f3st. Csak\u00fagy, mint a feltornyozott csomagok, ha bel\u00f3gnak a visszapillant\u00f3 t\u00fck\u00f6rbe.&nbsp;<br>A szabadon mozg\u00f3 t\u00e1rgyak vesz\u00e9lyt jelentenek er\u0151sebb f\u00e9kez\u00e9s k\u00f6zben. Egy kisebb, k\u00f6nnyebb t\u00e1rgy is hirtelen l\u00f6ved\u00e9kk\u00e9nt m\u0171k\u00f6dhet. A zs\u00fafolt bels\u0151 t\u00e9r kevesebb helyet is jelent az utasok sz\u00e1m\u00e1ra, az utaz\u00e1s kev\u00e9sb\u00e9 lesz k\u00e9nyelmes \u00e9s ez nagyobb stresszt okoz az \u00fat sor\u00e1n.&nbsp;<\/p>\n\n\n\n<figure class=\"wp-block-image size-large\"><img decoding=\"async\" loading=\"lazy\" width=\"1024\" height=\"683\" src=\"https:\/\/www.stresnyboxds.sk\/wp-content\/uploads\/2025\/11\/Preco-sa-oplati-prenajat-stresny-box-balenie-1024x683.jpg\" alt=\"A kir\u00e1ndul\u00e1sra pakolni \u00e1ltal\u00e1ban nagy kih\u00edv\u00e1st jelent \" class=\"wp-image-1910\" srcset=\"https:\/\/www.stresnyboxds.sk\/wp-content\/uploads\/2025\/11\/Preco-sa-oplati-prenajat-stresny-box-balenie-1024x683.jpg 1024w, https:\/\/www.stresnyboxds.sk\/wp-content\/uploads\/2025\/11\/Preco-sa-oplati-prenajat-stresny-box-balenie-300x200.jpg 300w, https:\/\/www.stresnyboxds.sk\/wp-content\/uploads\/2025\/11\/Preco-sa-oplati-prenajat-stresny-box-balenie-768x512.jpg 768w, https:\/\/www.stresnyboxds.sk\/wp-content\/uploads\/2025\/11\/Preco-sa-oplati-prenajat-stresny-box-balenie-1536x1024.jpg 1536w, https:\/\/www.stresnyboxds.sk\/wp-content\/uploads\/2025\/11\/Preco-sa-oplati-prenajat-stresny-box-balenie-2048x1365.jpg 2048w\" sizes=\"(max-width: 1024px) 100vw, 1024px\" \/><\/figure>\n\n\n\n<p><strong>Egy tet\u0151csomagtart\u00f3<\/strong> megsz\u00fcnteti ezeket a probl\u00e9m\u00e1kat. Minden, ami az utast\u00e9rben \u00fatban lenne, \u00e1tker\u00fclhet a tet\u0151re. A bels\u0151 terek \u00edgy kiz\u00e1r\u00f3lag az utaz\u00f3k k\u00e9nyelm\u00e9t szolg\u00e1lj\u00e1k, a sof\u0151r sz\u00e1m\u00e1ra pedig zavartalan a kil\u00e1t\u00e1s.&nbsp;&nbsp;<br>Ez egy egyszer\u0171 megold\u00e1s, amely t\u00f6bbet tesz a biztons\u00e1g\u00e9rt \u00e9s a k\u00e9nyelem\u00e9rt, mint els\u0151re gondoln\u00e1nk.&nbsp;<\/p>\n\n\n\n<h2>B\u00e9rl\u00e9s vagy v\u00e1s\u00e1rl\u00e1s? Ami a gyakorlatban jobban megt\u00e9r\u00fcl&nbsp;<\/h2>\n\n\n\n<p>Sokan szembes\u00fclnek azzal a dilemm\u00e1val, hogy meg\u00e9ri-e megvenni egy tet\u0151boxot, vagy ink\u00e1bb csak b\u00e9reljenek p\u00e1r napra. A v\u00e1lasz a legt\u00f6bb esetben att\u00f3l f\u00fcgg, milyen gyakran haszn\u00e1ljuk val\u00f3j\u00e1ban a tet\u0151csomagtart\u00f3t.&nbsp;<\/p>\n\n\n\n<h3>Milyen gyakran kell a tet\u0151box?&nbsp;<\/h3>\n\n\n\n<p>A legt\u00f6bb csal\u00e1d \u00e9vente 1\u20133\u00d7 haszn\u00e1lja \u2013 s\u00edel\u00e9s, ny\u00e1ri sz\u00fcnet, alkalmi kir\u00e1ndul\u00e1sok. Ilyen gyakoris\u00e1gn\u00e1l<strong> a tet\u0151csomagtart\u00f3 b\u00e9rl\u00e9se a <\/strong>leggazdas\u00e1gosabb megold\u00e1s. A nagy, egyszeri befektet\u00e9s helyett csak azok\u00e9rt a napok\u00e9rt kell fizetni, amikor t\u00e9nylegesen haszn\u00e1ljuk a tet\u0151boxot.&nbsp;&nbsp;<\/p>\n\n\n\n<figure class=\"wp-block-image size-large\"><img decoding=\"async\" loading=\"lazy\" width=\"1024\" height=\"683\" src=\"https:\/\/www.stresnyboxds.sk\/wp-content\/uploads\/2025\/11\/Preco-sa-oplati-prenajat-stresny-box-cestovanie-s-detmi-1024x683.jpg\" alt=\"Sok csal\u00e1d \u00e9vente csak n\u00e9h\u00e1nyszor haszn\u00e1lja a tet\u0151boxot a hosszabb t\u00e9li \u00e9s ny\u00e1ri kir\u00e1ndul\u00e1sokra. Ezekben az esetekben a b\u00e9rl\u00e9s \u00e9ri meg.  \" class=\"wp-image-1912\" srcset=\"https:\/\/www.stresnyboxds.sk\/wp-content\/uploads\/2025\/11\/Preco-sa-oplati-prenajat-stresny-box-cestovanie-s-detmi-1024x683.jpg 1024w, https:\/\/www.stresnyboxds.sk\/wp-content\/uploads\/2025\/11\/Preco-sa-oplati-prenajat-stresny-box-cestovanie-s-detmi-300x200.jpg 300w, https:\/\/www.stresnyboxds.sk\/wp-content\/uploads\/2025\/11\/Preco-sa-oplati-prenajat-stresny-box-cestovanie-s-detmi-768x512.jpg 768w, https:\/\/www.stresnyboxds.sk\/wp-content\/uploads\/2025\/11\/Preco-sa-oplati-prenajat-stresny-box-cestovanie-s-detmi-1536x1024.jpg 1536w, https:\/\/www.stresnyboxds.sk\/wp-content\/uploads\/2025\/11\/Preco-sa-oplati-prenajat-stresny-box-cestovanie-s-detmi-2048x1365.jpg 2048w\" sizes=\"(max-width: 1024px) 100vw, 1024px\" \/><\/figure>\n\n\n\n<h3>\u00c1r \u00e9s min\u0151s\u00e9g&nbsp;<\/h3>\n\n\n\n<p>Egy min\u0151s\u00e9gi <strong>tet\u0151csomagtart\u00f3<\/strong> \u2013 k\u00fcl\u00f6n\u00f6sen <strong>a Thule-t\u00f3l<\/strong> \u2013 nem olcs\u00f3. A v\u00e1s\u00e1rl\u00e1sba fektetett \u00f6sszeg ak\u00e1r t\u00f6bb ezer eur\u00f3t is jelenthet. A b\u00e9rl\u00e9s ugyanazt a min\u0151s\u00e9get, biztons\u00e1got \u00e9s k\u00e9nyelmet ny\u00fajtja, de nagy kezdeti befektet\u00e9s n\u00e9lk\u00fcl.&nbsp;<br>Egyszer\u0171en fogalmazva: csak az\u00e9rt fizet\u00fcnk, amire val\u00f3ban sz\u00fcks\u00e9g\u00fcnk van.&nbsp;<\/p>\n\n\n\n<h3>Otthoni t\u00e1rol\u00e1s? Egy plusz probl\u00e9ma&nbsp;<\/h3>\n\n\n\n<p>A tet\u0151box egy nagy, massz\u00edv t\u00e1rgy. Ha nincs t\u00e1gas gar\u00e1zsunk vagy rakt\u00e1runk, nem praktikus. A szezonon k\u00edv\u00fcli t\u00e1rol\u00e1s csak egy plusz gondot jelent. B\u00e9rl\u00e9skor teljesen kihagyhatjuk ezt a k\u00e9rd\u00e9st. A tet\u0151csomagtart\u00f3 t\u00e1rol\u00e1sa, tiszt\u00edt\u00e1sa \u00e9s felk\u00e9sz\u00edt\u00e9se a mi feladatunk. B\u00e9rl\u0151k\u00e9nt el\u00e9g \u00e1tvennie a boxot, haszn\u00e1lnia majd visszaadnia. Nincs t\u00e1rol\u00e1s, nincs kezel\u00e9s, semmi gond.&nbsp;<\/p>\n\n\n\n<h3>A felszerel\u00e9s is a csomag r\u00e9sze, r\u00e1ad\u00e1sul stresszmentes&nbsp;<\/h3>\n\n\n\n<p>V\u00e1s\u00e1rl\u00e1skor figyelembe kell venni az aut\u00f3val val\u00f3 kompatibilit\u00e1st, a keresztrudak t\u00edpus\u00e1t, a megfelel\u0151 r\u00f6gz\u00edt\u00e9st \u00e9s a rendszeres ellen\u0151rz\u00e9seket.&nbsp;<br>B\u00e9rl\u00e9skor szak\u00e9rt\u0151 koll\u00e9g\u00e1nk seg\u00edt a felszerel\u00e9sben. Gyorsan, biztons\u00e1gosan, \u00e9s an\u00e9lk\u00fcl, hogy valami nem megfelel\u0151en ker\u00fclne r\u00f6gz\u00edt\u00e9sre.&nbsp;<\/p>\n\n\n\n<h2>Mikor \u00e9rdemes tet\u0151csomagtart\u00f3t b\u00e9relni?&nbsp;&nbsp;<\/h2>\n\n\n\n<p>Nem minden utaz\u00e1shoz kell tet\u0151box, de vannak helyzetek, amikor sz\u00f3 szerint megmenti az utat. Ilyen esetekben a b\u00e9rl\u00e9s a leglogikusabb.&nbsp;<\/p>\n\n\n\n<h3>T\u00e9li s\u00edel\u00e9s&nbsp;<\/h3>\n\n\n\n<p>S\u00edcip\u0151, s\u00edl\u00e9c, sisak, keszty\u0171&#8230; A t\u00e9li felszerel\u00e9s rengeteg helyet foglal. A tet\u0151csomagtart\u00f3val a rakod\u00f3t\u00e9r kib\u0151v\u00fcl. A haszn\u00e1lat ut\u00e1n, havas, latyakos, vizes felszerel\u00e9sek nem az utasteret piszkolj\u00e1k be, hanem a tet\u0151csomagtart\u00f3t. A s\u00edel\u00e9s ut\u00e1n megf\u00e1radt csal\u00e1dnak pedig kell\u0151 hely marad az aut\u00f3ban. Emellett a s\u00edl\u00e9cek \u00e9s snowboardok nem zavarj\u00e1k az utaz\u00e1st, \u00e9s nem vesz\u00e9lyeztetik a f\u00e9kez\u00e9s k\u00f6zben a biztons\u00e1got.&nbsp;<\/p>\n\n\n\n<h3>Ny\u00e1ri sz\u00fcnetek a tenger mellett&nbsp;<\/h3>\n\n\n\n<p>Strandfelszerel\u00e9sek, babakocsik, \u00fasz\u00f3gumi vagy b\u00fav\u00e1rk\u00e9szlet \u2013 minden, ami nem f\u00e9r be a b\u0151r\u00f6ndbe, k\u00e9nyelmesen elhelyezhet\u0151 a tet\u0151boxban.&nbsp;<br>A k\u00e1osz hely\u00e9t \u00e1tveszi a rendezett t\u00e9r, ahol senki sem \u00fcl a csomagok k\u00f6z\u00f6tt.&nbsp;<\/p>\n\n\n\n<h3>Csal\u00e1di kir\u00e1ndul\u00e1sok \u00e9s h\u00e9tv\u00e9gi programok&nbsp;<\/h3>\n\n\n\n<p>Ak\u00e1r a h\u00e9tv\u00e9gi h\u00e1zba vagy kempingezni indulunk, ak\u00e1r aut\u00f3s kir\u00e1ndul\u00e1st tervez\u00fcnk a biciklikkel, a tet\u0151csomagtart\u00f3 helyet ad mindennek, amit magunkkal akarunk vinni. Nincs t\u00f6bb\u00e9 helyhi\u00e1ny miatt kimaradt, vagy elfelejtett eszk\u00f6z. A tet\u0151csomagtart\u00f3 megk\u00f6nny\u00edt a rendszerez\u00e9st \u00e9s nem foglal helyet az utast\u00e9rb\u0151l.&nbsp;<\/p>\n\n\n\n<figure class=\"wp-block-image size-large\"><img decoding=\"async\" loading=\"lazy\" width=\"1024\" height=\"683\" src=\"https:\/\/www.stresnyboxds.sk\/wp-content\/uploads\/2025\/11\/Preco-sa-oplati-prenajat-stresny-box-cestovanie-s-detmi-1-1024x683.jpg\" alt=\"A tet\u0151box b\u00e9rl\u00e9st legink\u00e1bb csal\u00e1di kir\u00e1ndul\u00e1sokhoz haszn\u00e1lja ki, ha gyerekekkel indul \u00fatnak  \" class=\"wp-image-1918\" srcset=\"https:\/\/www.stresnyboxds.sk\/wp-content\/uploads\/2025\/11\/Preco-sa-oplati-prenajat-stresny-box-cestovanie-s-detmi-1-1024x683.jpg 1024w, https:\/\/www.stresnyboxds.sk\/wp-content\/uploads\/2025\/11\/Preco-sa-oplati-prenajat-stresny-box-cestovanie-s-detmi-1-300x200.jpg 300w, https:\/\/www.stresnyboxds.sk\/wp-content\/uploads\/2025\/11\/Preco-sa-oplati-prenajat-stresny-box-cestovanie-s-detmi-1-768x512.jpg 768w, https:\/\/www.stresnyboxds.sk\/wp-content\/uploads\/2025\/11\/Preco-sa-oplati-prenajat-stresny-box-cestovanie-s-detmi-1-1536x1024.jpg 1536w, https:\/\/www.stresnyboxds.sk\/wp-content\/uploads\/2025\/11\/Preco-sa-oplati-prenajat-stresny-box-cestovanie-s-detmi-1-2048x1365.jpg 2048w\" sizes=\"(max-width: 1024px) 100vw, 1024px\" \/><\/figure>\n\n\n\n<h3>Kisgyermekes sz\u00fcl\u0151k&nbsp;<\/h3>\n\n\n\n<p>Akinek van gyereke, tudja, hogy egy babakocsi + utaz\u00f3t\u00e1ska + pelenk\u00e1z\u00f3t\u00e1ska szinte az eg\u00e9sz csomagtart\u00f3t megt\u00f6ltheti. Emellett hol van a hinta a kicsiknek, etet\u0151sz\u00e9k vagy egy fut\u00f3bicikli a nagyobb testv\u00e9rnek?&nbsp; A tet\u0151csomagtart\u00f3 helyet szabad\u00edt fel, \u00edgy <strong>mindenki sz\u00e1m\u00e1ra val\u00f3di k\u00e9nyelmet biztos\u00edt<\/strong>.&nbsp;<\/p>\n\n\n\n<h3>Alkalmi utaz\u00f3k&nbsp;<\/h3>\n\n\n\n<p>Ha \u00e9vente csak n\u00e9h\u00e1nyszor utazunk, a b\u00e9rl\u00e9s egy\u00e9rtelm\u0171 v\u00e1laszt\u00e1s. Nem pazaroljuk \u00edgy a p\u00e9nzt egy dr\u00e1ga tet\u0151boxra, ami csak a helyet foglalja a marad\u00e9k 10 h\u00f3napban.&nbsp;<\/p>\n\n\n\n<h2>Biztons\u00e1gban a tet\u0151csomagtart\u00f3val: mi a fontos \u00e9s mire kell figyelni&nbsp;<\/h2>\n\n\n\n<p>Az egyik oka annak, hogy a tet\u0151dboxok olyan n\u00e9pszer\u0171ek, hogy helyesen haszn\u00e1lva az egyik legbiztons\u00e1gosabb m\u00f3dj\u00e1t jelentik a poggy\u00e1sz sz\u00e1ll\u00edt\u00e1s\u00e1nak. A kulcs az, hogy &#8222;helyes haszn\u00e1lat eset\u00e9n&#8221;.&nbsp;<\/p>\n\n\n\n<h3>Biztons\u00e1gos tervez\u00e9s \u00e9s tesztelt anyagok&nbsp;<\/h3>\n\n\n\n<p>A modern <strong>tet\u0151boxok<\/strong>, k\u00fcl\u00f6n\u00f6sen a <strong>Thule tet\u0151csomagtart\u00f3hoz <\/strong>hasonl\u00f3 modellek, \u00fctk\u00f6z\u00e9si-, r\u00f6gz\u00edt\u00e9si szil\u00e1rds\u00e1g- \u00e9s aerodinamikai teszteken esnek \u00e1t. Ez azt jelenti, hogy m\u00e9g nagyobb sebess\u00e9g mellett is stabilak. K\u00e9pesek ellen\u00e1llni a sz\u00e9lnek, rezg\u00e9seknek vagy hevesebb j\u00e1rm\u0171mozg\u00e1snak.&nbsp;<\/p>\n\n\n\n<h3>A helyes \u00f6sszeszerel\u00e9s elengedhetetlen&nbsp;<\/h3>\n\n\n\n<p>Egy rosszul illeszked\u0151 csomagtart\u00f3 zajt, rezg\u00e9st vagy extr\u00e9m esetekben vesz\u00e9lyes helyzeteket okozhat. Ez egy \u00fajabb <strong>indok, hogy meg\u00e9ri a b\u00e9rl\u00e9st v\u00e1lasztani.<\/strong> A boxot egy szakember szereli fel, aki pontosan tudja, hogyan kell r\u00f6gz\u00edteni az aut\u00f3 t\u00edpus\u00e1hoz \u00e9s a keresztrudak elhelyezked\u00e9s\u00e9hez igazodva. Az aut\u00f3 p\u00e1r perc alatt indul\u00e1sra k\u00e9sz, a tet\u0151csomagtart\u00f3 pedig megfelel\u0151en van r\u00f6gz\u00edtve.&nbsp;<\/p>\n\n\n\n<figure class=\"wp-block-image size-large\"><img decoding=\"async\" loading=\"lazy\" width=\"1024\" height=\"683\" src=\"https:\/\/www.stresnyboxds.sk\/wp-content\/uploads\/2025\/11\/Preco-sa-oplati-prenajat-stresny-box-montaz-1024x683.jpg\" alt=\"A tet\u0151csomagtart\u00f3 megfelel\u0151 felszerel\u00e9se fontos a vezet\u00e9s biztons\u00e1ga szempontj\u00e1b\u00f3l. \" class=\"wp-image-1914\" srcset=\"https:\/\/www.stresnyboxds.sk\/wp-content\/uploads\/2025\/11\/Preco-sa-oplati-prenajat-stresny-box-montaz-1024x683.jpg 1024w, https:\/\/www.stresnyboxds.sk\/wp-content\/uploads\/2025\/11\/Preco-sa-oplati-prenajat-stresny-box-montaz-300x200.jpg 300w, https:\/\/www.stresnyboxds.sk\/wp-content\/uploads\/2025\/11\/Preco-sa-oplati-prenajat-stresny-box-montaz-768x512.jpg 768w, https:\/\/www.stresnyboxds.sk\/wp-content\/uploads\/2025\/11\/Preco-sa-oplati-prenajat-stresny-box-montaz-1536x1024.jpg 1536w, https:\/\/www.stresnyboxds.sk\/wp-content\/uploads\/2025\/11\/Preco-sa-oplati-prenajat-stresny-box-montaz-2048x1365.jpg 2048w\" sizes=\"(max-width: 1024px) 100vw, 1024px\" \/><\/figure>\n\n\n\n<h3>S\u00falyeloszl\u00e1s&nbsp;<\/h3>\n\n\n\n<p>A tet\u0151boxoknak maxim\u00e1lis kapacit\u00e1sa van, de a t\u00e1rgyak elhelyez\u00e9se legal\u00e1bb ilyen fontos. A nehezebb t\u00e1rgyaknak k\u00f6z\u00e9pen kell lenni\u00fck, a k\u00f6nnyebbeknek pedig oldalt. Ez meg\u0151rzi az aut\u00f3 stabilit\u00e1s\u00e1t \u00e9s term\u00e9szetes vezet\u00e9st \u00e9lm\u00e9nyt biztos\u00edt, an\u00e9lk\u00fcl, hogy jelent\u0151sen befoly\u00e1soln\u00e1 a kezelhet\u0151s\u00e9get.&nbsp;<\/p>\n\n\n\n<h3>Sebess\u00e9g \u00e9s ir\u00e1ny\u00edthat\u00f3s\u00e1g vezet\u00e9s k\u00f6zben&nbsp;<\/h3>\n\n\n\n<p>Minden tet\u0151csomagtart\u00f3 rendelkezik aj\u00e1nlott v\u00e9gsebess\u00e9ggel. Ez \u00e1ltal\u00e1ban 130 km\/h. Ez nem a szerkezeti biztons\u00e1g miatt jelent korl\u00e1tot, hanem a j\u00e1rm\u0171 aerodinamik\u00e1j\u00e1t \u00e9s stabilit\u00e1s\u00e1t veszi figyelembe. Magasabb sebess\u00e9gn\u00e9l n\u0151 a l\u00e9gellen\u00e1ll\u00e1s \u00e9s a fogyaszt\u00e1s, de ami a legfontosabb: a vezet\u00e9s komfortja cs\u00f6kken.&nbsp;<\/p>\n\n\n\n<p>Az utaz\u00e1s el\u0151tt \u00e9s alatt \u00e9rdemes ellen\u0151rizni, hogy:&nbsp;<\/p>\n\n\n\n<ul>\n<li>bez\u00e1rtuk-e az \u00f6sszes z\u00e1rat,&nbsp;<\/li>\n\n\n\n<li>a hevedereket szorosan megfesz\u00edtett\u00fck-e,&nbsp;<\/li>\n\n\n\n<li>a tet\u0151csomagtart\u00f3 megfelel\u0151en illeszkedik-e az aut\u00f3 tetej\u00e9nek teljes hossz\u00e1ban.&nbsp;<\/li>\n<\/ul>\n\n\n\n<h3>Az aut\u00f3 magass\u00e1ga \u2013 egy olyan r\u00e9szlet, amit a legt\u00f6bben elfelejtenek&nbsp;<\/h3>\n\n\n\n<p>A tet\u0151csomagtart\u00f3 <strong>n\u00e9h\u00e1ny centim\u00e9terrel n\u00f6veli a <\/strong>j\u00e1rm\u0171 magass\u00e1g\u00e1t. Norm\u00e1l k\u00f6r\u00fclm\u00e9nyek k\u00f6zt nem sz\u00e1m\u00edt, de gar\u00e1zsba, parkol\u00f3h\u00e1zba vagy alacsonyabb helyekre behajtva fontos lehet. Csak annyit kell tenn\u00fcnk, hogy lem\u00e9rj\u00fck az aut\u00f3 \u00faj \u00f6sszmagass\u00e1g\u00e1t, \u00e9s a tov\u00e1bbiakban ennek tudat\u00e1ban vezet\u00fcnk.&nbsp;<\/p>\n\n\n\n<figure class=\"wp-block-image size-large\"><img decoding=\"async\" loading=\"lazy\" width=\"1024\" height=\"651\" src=\"https:\/\/www.stresnyboxds.sk\/wp-content\/uploads\/2025\/11\/Preco-sa-oplati-prenajat-stresny-box-box-1024x651.jpg\" alt=\"A tet\u0151csomagtart\u00f3 felszerel\u00e9se ut\u00e1n az aut\u00f3 egy kicsit magasabb lesz.  \" class=\"wp-image-1916\" srcset=\"https:\/\/www.stresnyboxds.sk\/wp-content\/uploads\/2025\/11\/Preco-sa-oplati-prenajat-stresny-box-box-1024x651.jpg 1024w, https:\/\/www.stresnyboxds.sk\/wp-content\/uploads\/2025\/11\/Preco-sa-oplati-prenajat-stresny-box-box-300x191.jpg 300w, https:\/\/www.stresnyboxds.sk\/wp-content\/uploads\/2025\/11\/Preco-sa-oplati-prenajat-stresny-box-box-768x488.jpg 768w, https:\/\/www.stresnyboxds.sk\/wp-content\/uploads\/2025\/11\/Preco-sa-oplati-prenajat-stresny-box-box-1536x976.jpg 1536w, https:\/\/www.stresnyboxds.sk\/wp-content\/uploads\/2025\/11\/Preco-sa-oplati-prenajat-stresny-box-box-2048x1302.jpg 2048w\" sizes=\"(max-width: 1024px) 100vw, 1024px\" \/><\/figure>\n\n\n\n<h2>Hogyan m\u0171k\u00f6dik a tet\u0151csomagtart\u00f3 b\u00e9rl\u00e9se a gyakorlatban?&nbsp;<\/h2>\n\n\n\n<p>A tet\u0151box b\u00e9rl\u00e9se meglep\u0151en egyszer\u0171 folyamat. Nem ig\u00e9nyel k\u00fcl\u00f6nleges tud\u00e1st vagy tapasztalatot \u2013 minden fontos dolgot a b\u00e9rbead\u00f3 c\u00e9g int\u00e9z. Pontosan ez\u00e9rt n\u00e9pszer\u0171 ez a megold\u00e1s a csal\u00e1dok, kir\u00e1ndul\u00f3k \u00e9s azok k\u00f6r\u00e9ben, akik k\u00e9nyelmesen szeretn\u00e9nek utazni f\u00f6l\u00f6sleges befektet\u00e9sek n\u00e9lk\u00fcl.&nbsp;<\/p>\n\n\n\n<h3>1. K\u00f6nny\u0171 foglal\u00e1s&nbsp;<\/h3>\n\n\n\n<p>Az eg\u00e9sz folyamat az id\u0151pontok meghat\u00e1roz\u00e1s\u00e1val kezd\u0151dik. Szezon\u00e1lis utaz\u00e1sokn\u00e1l (k\u00fcl\u00f6n\u00f6sen t\u00e9len) \u00e9rdemes el\u0151re foglalni, hogy megfelel\u0151 tet\u0151csomagtart\u00f3 el\u00e9rhet\u0151 legyen.&nbsp;&nbsp;<\/p>\n\n\n\n<h3>2. A megfelel\u0151 tet\u0151box kiv\u00e1laszt\u00e1sa&nbsp;<\/h3>\n\n\n\n<p>Megfelel\u0151 modellt aj\u00e1nlunk az aut\u00f3, a keresztrudak t\u00edpusa \u00e9s a csomag mennyis\u00e9ge szerint. Nem kell agg\u00f3dni a kompatibilit\u00e1s vagy a technikai param\u00e9terek miatt, \u00d6n d\u00f6nt, mi illik pontosan az aut\u00f3hoz \u00e9s a tervekhez.&nbsp;&nbsp;<\/p>\n\n\n\n<h3>3. Professzion\u00e1lis felszerel\u00e9s k\u00f6vetkezik&nbsp;<\/h3>\n\n\n\n<p>Munknapokon 15:00 \u00e9s 16:30 k\u00f6z\u00f6tt v\u00e1rjuk \u00d6nt. Ekkor a tet\u0151csomagtart\u00f3t egy technikus koll\u00e9ga r\u00f6gz\u00edti biztons\u00e1gosan. \u0150 naponta k\u00fcl\u00f6nb\u00f6z\u0151 aut\u00f3kkal \u00e9s tet\u0151boxokkal dolgozik. Ennek k\u00f6sz\u00f6nhet\u0151en biztos lehet benne, hogy minden helyesen ker\u00fcl r\u00f6gz\u00edt\u00e9sre, a hevederek megfelel\u0151en fesz\u00edtettek, \u00e9s az aut\u00f3 k\u00e9szen \u00e1ll egy hossz\u00fa utaz\u00e1sra.&nbsp;<\/p>\n\n\n\n<h3>4. Ellen\u0151rz\u00e9s \u00e9s n\u00e9h\u00e1ny tan\u00e1cs&nbsp;<\/h3>\n\n\n\n<p>Indul\u00e1s el\u0151tt megmutatjuk:&nbsp;<\/p>\n\n\n\n<ul>\n<li>hogyan nyitjuk \u00e9s z\u00e1rjuk a tet\u0151csomagtart\u00f3t,&nbsp;<\/li>\n\n\n\n<li>hogyan t\u00e1roljuk helyesen a csomagokat,&nbsp;<\/li>\n\n\n\n<li>milyen maxim\u00e1lis sebess\u00e9get javaslunk,&nbsp;<\/li>\n\n\n\n<li>hogyan ellen\u0151rizz\u00fck rendszeresen a z\u00e1rakat \u00e9s a hevedereket.&nbsp;<\/li>\n<\/ul>\n\n\n\n<p>Gyors \u00e9s nagyon hasznos, k\u00fcl\u00f6n\u00f6sen, ha el\u0151sz\u00f6r haszn\u00e1l valaki tet\u0151csomagtart\u00f3t.&nbsp;<\/p>\n\n\n\n<h3>5. K\u00e9nyelmes visszav\u00e9tel&nbsp;<\/h3>\n\n\n\n<p>A visszav\u00e9tel a b\u00e9rl\u00e9s v\u00e9g\u00e9t k\u00f6vet\u0151 napon 10:00-kor esed\u00e9kes. A tet\u0151boxot koll\u00e9g\u00e1nk leveszi az aut\u00f3r\u00f3l, \u00e9s k\u00e9sz. Nincs t\u00e1rol\u00e1si probl\u00e9ma, nincs helyhi\u00e1ny a saj\u00e1t gar\u00e1zsban. P\u00e1r perc alatt vissza tudja adni a tet\u0151csomagtart\u00f3t \u00e9s nincs t\u00f6bb teend\u0151je.<br><\/p>\n","protected":false},"excerpt":{"rendered":"<p>Minden aut\u00f3s tudja: ha kir\u00e1ndul\u00e1sra pakol, a csomagtart\u00f3 tele van, \u00e9s a dolgok fel\u00e9nek m\u00e9g mindig nincs meg a helye. Babakocsi, s\u00edl\u00e9c, s\u00edfelszerel\u00e9s, b\u0151r\u00f6nd\u00f6k, j\u00e1t\u00e9kok&#8230; Egyszer\u0171en mindig kev\u00e9s a hely.&nbsp;Ebben az esetben lehet hatalmas seg\u00edts\u00e9g egy tet\u0151csomagtart\u00f3. Felszabad\u00edtja az utasteret, jav\u00edtja a vezet\u0151 sz\u00e1m\u00e1ra a kil\u00e1t\u00e1st, \u00e9s megsz\u00fcnteti a k\u00e1oszt az aut\u00f3n bel\u00fcl. A zs\u00fafolt [&hellip;]<\/p>\n","protected":false},"author":7,"featured_media":1924,"comment_status":"closed","ping_status":"closed","sticky":false,"template":"","format":"standard","meta":[],"categories":[113],"tags":[],"yoast_head":"<!-- This site is optimized with the Yoast SEO plugin v20.3 - https:\/\/yoast.com\/wordpress\/plugins\/seo\/ -->\n<title>Mi\u00e9rt \u00e9ri meg tet\u0151csomagtart\u00f3t b\u00e9relni? | Tet\u0151box b\u00e9rl\u00e9s Dunaszerdahely<\/title>\n<meta name=\"description\" content=\"Rengeteg a csomag, de nincs el\u00e9g hely? A tet\u0151csomagtart\u00f3 b\u00e9rl\u00e9se a legegyszer\u0171bb m\u00f3dja annak, hogy plusz helyet szerezz\u00fcnk \u2013 befektet\u00e9s vagy t\u00e1rol\u00e1s n\u00e9lk\u00fcl.\" \/>\n<meta name=\"robots\" content=\"index, follow, max-snippet:-1, max-image-preview:large, max-video-preview:-1\" \/>\n<link rel=\"canonical\" href=\"https:\/\/www.stresnyboxds.sk\/hu\/2025\/11\/24\/tetocsomagtarto-berlese\/\" \/>\n<meta property=\"og:locale\" content=\"hu_HU\" \/>\n<meta property=\"og:type\" content=\"article\" \/>\n<meta property=\"og:title\" content=\"Mi\u00e9rt \u00e9ri meg tet\u0151csomagtart\u00f3t b\u00e9relni? | Tet\u0151box b\u00e9rl\u00e9s Dunaszerdahely\" \/>\n<meta property=\"og:description\" content=\"Rengeteg a csomag, de nincs el\u00e9g hely? A tet\u0151csomagtart\u00f3 b\u00e9rl\u00e9se a legegyszer\u0171bb m\u00f3dja annak, hogy plusz helyet szerezz\u00fcnk \u2013 befektet\u00e9s vagy t\u00e1rol\u00e1s n\u00e9lk\u00fcl.\" \/>\n<meta property=\"og:url\" content=\"https:\/\/www.stresnyboxds.sk\/hu\/2025\/11\/24\/tetocsomagtarto-berlese\/\" \/>\n<meta property=\"og:site_name\" content=\"StresnyboxDS.sk\" \/>\n<meta property=\"article:published_time\" content=\"2025-11-24T13:34:53+00:00\" \/>\n<meta property=\"article:modified_time\" content=\"2025-11-24T13:38:32+00:00\" \/>\n<meta property=\"og:image\" content=\"https:\/\/www.stresnyboxds.sk\/wp-content\/uploads\/2025\/11\/Preco-sa-oplati-prenajat-stresny-box-scaled.jpg\" \/>\n\t<meta property=\"og:image:width\" content=\"2560\" \/>\n\t<meta property=\"og:image:height\" content=\"1707\" \/>\n\t<meta property=\"og:image:type\" content=\"image\/jpeg\" \/>\n<meta name=\"author\" content=\"Andr\u00e1s Mayer\" \/>\n<meta name=\"twitter:card\" content=\"summary_large_image\" \/>\n<meta name=\"twitter:label1\" content=\"Szerz\u0151:\" \/>\n\t<meta name=\"twitter:data1\" content=\"Andr\u00e1s Mayer\" \/>\n\t<meta name=\"twitter:label2\" content=\"Becs\u00fclt olvas\u00e1si id\u0151\" \/>\n\t<meta name=\"twitter:data2\" content=\"8 perc\" \/>\n<script type=\"application\/ld+json\" class=\"yoast-schema-graph\">{\"@context\":\"https:\/\/schema.org\",\"@graph\":[{\"@type\":\"WebPage\",\"@id\":\"https:\/\/www.stresnyboxds.sk\/hu\/2025\/11\/24\/tetocsomagtarto-berlese\/\",\"url\":\"https:\/\/www.stresnyboxds.sk\/hu\/2025\/11\/24\/tetocsomagtarto-berlese\/\",\"name\":\"Mi\u00e9rt \u00e9ri meg tet\u0151csomagtart\u00f3t b\u00e9relni? | Tet\u0151box b\u00e9rl\u00e9s Dunaszerdahely\",\"isPartOf\":{\"@id\":\"https:\/\/www.stresnyboxds.sk\/hu\/#website\"},\"datePublished\":\"2025-11-24T13:34:53+00:00\",\"dateModified\":\"2025-11-24T13:38:32+00:00\",\"author\":{\"@id\":\"https:\/\/www.stresnyboxds.sk\/hu\/#\/schema\/person\/51542f9d51580e0f9eb07b1c994219ac\"},\"description\":\"Rengeteg a csomag, de nincs el\u00e9g hely? A tet\u0151csomagtart\u00f3 b\u00e9rl\u00e9se a legegyszer\u0171bb m\u00f3dja annak, hogy plusz helyet szerezz\u00fcnk \u2013 befektet\u00e9s vagy t\u00e1rol\u00e1s n\u00e9lk\u00fcl.\",\"breadcrumb\":{\"@id\":\"https:\/\/www.stresnyboxds.sk\/hu\/2025\/11\/24\/tetocsomagtarto-berlese\/#breadcrumb\"},\"inLanguage\":\"hu\",\"potentialAction\":[{\"@type\":\"ReadAction\",\"target\":[\"https:\/\/www.stresnyboxds.sk\/hu\/2025\/11\/24\/tetocsomagtarto-berlese\/\"]}]},{\"@type\":\"BreadcrumbList\",\"@id\":\"https:\/\/www.stresnyboxds.sk\/hu\/2025\/11\/24\/tetocsomagtarto-berlese\/#breadcrumb\",\"itemListElement\":[{\"@type\":\"ListItem\",\"position\":1,\"name\":\"\u00davod\",\"item\":\"https:\/\/www.stresnyboxds.sk\/hu\/\"},{\"@type\":\"ListItem\",\"position\":2,\"name\":\"Mi\u00e9rt b\u00e9reljen tet\u0151csomagtart\u00f3t?\u00a0(Ha egyszer\u0171en kev\u00e9s a hely)\u00a0\"}]},{\"@type\":\"WebSite\",\"@id\":\"https:\/\/www.stresnyboxds.sk\/hu\/#website\",\"url\":\"https:\/\/www.stresnyboxds.sk\/hu\/\",\"name\":\"StresnyboxDS.sk\",\"description\":\"\",\"potentialAction\":[{\"@type\":\"SearchAction\",\"target\":{\"@type\":\"EntryPoint\",\"urlTemplate\":\"https:\/\/www.stresnyboxds.sk\/hu\/?s={search_term_string}\"},\"query-input\":\"required name=search_term_string\"}],\"inLanguage\":\"hu\"},{\"@type\":\"Person\",\"@id\":\"https:\/\/www.stresnyboxds.sk\/hu\/#\/schema\/person\/51542f9d51580e0f9eb07b1c994219ac\",\"name\":\"Andr\u00e1s Mayer\",\"image\":{\"@type\":\"ImageObject\",\"inLanguage\":\"hu\",\"@id\":\"https:\/\/www.stresnyboxds.sk\/hu\/#\/schema\/person\/image\/\",\"url\":\"https:\/\/secure.gravatar.com\/avatar\/372736136de52bf9eee501365f112228?s=96&d=mm&r=g\",\"contentUrl\":\"https:\/\/secure.gravatar.com\/avatar\/372736136de52bf9eee501365f112228?s=96&d=mm&r=g\",\"caption\":\"Andr\u00e1s Mayer\"},\"url\":\"https:\/\/www.stresnyboxds.sk\/hu\/author\/ambusiness\/\"}]}<\/script>\n<!-- \/ Yoast SEO plugin. -->","yoast_head_json":{"title":"Mi\u00e9rt \u00e9ri meg tet\u0151csomagtart\u00f3t b\u00e9relni? | Tet\u0151box b\u00e9rl\u00e9s Dunaszerdahely","description":"Rengeteg a csomag, de nincs el\u00e9g hely? A tet\u0151csomagtart\u00f3 b\u00e9rl\u00e9se a legegyszer\u0171bb m\u00f3dja annak, hogy plusz helyet szerezz\u00fcnk \u2013 befektet\u00e9s vagy t\u00e1rol\u00e1s n\u00e9lk\u00fcl.","robots":{"index":"index","follow":"follow","max-snippet":"max-snippet:-1","max-image-preview":"max-image-preview:large","max-video-preview":"max-video-preview:-1"},"canonical":"https:\/\/www.stresnyboxds.sk\/hu\/2025\/11\/24\/tetocsomagtarto-berlese\/","og_locale":"hu_HU","og_type":"article","og_title":"Mi\u00e9rt \u00e9ri meg tet\u0151csomagtart\u00f3t b\u00e9relni? | Tet\u0151box b\u00e9rl\u00e9s Dunaszerdahely","og_description":"Rengeteg a csomag, de nincs el\u00e9g hely? A tet\u0151csomagtart\u00f3 b\u00e9rl\u00e9se a legegyszer\u0171bb m\u00f3dja annak, hogy plusz helyet szerezz\u00fcnk \u2013 befektet\u00e9s vagy t\u00e1rol\u00e1s n\u00e9lk\u00fcl.","og_url":"https:\/\/www.stresnyboxds.sk\/hu\/2025\/11\/24\/tetocsomagtarto-berlese\/","og_site_name":"StresnyboxDS.sk","article_published_time":"2025-11-24T13:34:53+00:00","article_modified_time":"2025-11-24T13:38:32+00:00","og_image":[{"width":2560,"height":1707,"url":"https:\/\/www.stresnyboxds.sk\/wp-content\/uploads\/2025\/11\/Preco-sa-oplati-prenajat-stresny-box-scaled.jpg","type":"image\/jpeg"}],"author":"Andr\u00e1s Mayer","twitter_card":"summary_large_image","twitter_misc":{"Szerz\u0151:":"Andr\u00e1s Mayer","Becs\u00fclt olvas\u00e1si id\u0151":"8 perc"},"schema":{"@context":"https:\/\/schema.org","@graph":[{"@type":"WebPage","@id":"https:\/\/www.stresnyboxds.sk\/hu\/2025\/11\/24\/tetocsomagtarto-berlese\/","url":"https:\/\/www.stresnyboxds.sk\/hu\/2025\/11\/24\/tetocsomagtarto-berlese\/","name":"Mi\u00e9rt \u00e9ri meg tet\u0151csomagtart\u00f3t b\u00e9relni? | Tet\u0151box b\u00e9rl\u00e9s Dunaszerdahely","isPartOf":{"@id":"https:\/\/www.stresnyboxds.sk\/hu\/#website"},"datePublished":"2025-11-24T13:34:53+00:00","dateModified":"2025-11-24T13:38:32+00:00","author":{"@id":"https:\/\/www.stresnyboxds.sk\/hu\/#\/schema\/person\/51542f9d51580e0f9eb07b1c994219ac"},"description":"Rengeteg a csomag, de nincs el\u00e9g hely? A tet\u0151csomagtart\u00f3 b\u00e9rl\u00e9se a legegyszer\u0171bb m\u00f3dja annak, hogy plusz helyet szerezz\u00fcnk \u2013 befektet\u00e9s vagy t\u00e1rol\u00e1s n\u00e9lk\u00fcl.","breadcrumb":{"@id":"https:\/\/www.stresnyboxds.sk\/hu\/2025\/11\/24\/tetocsomagtarto-berlese\/#breadcrumb"},"inLanguage":"hu","potentialAction":[{"@type":"ReadAction","target":["https:\/\/www.stresnyboxds.sk\/hu\/2025\/11\/24\/tetocsomagtarto-berlese\/"]}]},{"@type":"BreadcrumbList","@id":"https:\/\/www.stresnyboxds.sk\/hu\/2025\/11\/24\/tetocsomagtarto-berlese\/#breadcrumb","itemListElement":[{"@type":"ListItem","position":1,"name":"\u00davod","item":"https:\/\/www.stresnyboxds.sk\/hu\/"},{"@type":"ListItem","position":2,"name":"Mi\u00e9rt b\u00e9reljen tet\u0151csomagtart\u00f3t?\u00a0(Ha egyszer\u0171en kev\u00e9s a hely)\u00a0"}]},{"@type":"WebSite","@id":"https:\/\/www.stresnyboxds.sk\/hu\/#website","url":"https:\/\/www.stresnyboxds.sk\/hu\/","name":"StresnyboxDS.sk","description":"","potentialAction":[{"@type":"SearchAction","target":{"@type":"EntryPoint","urlTemplate":"https:\/\/www.stresnyboxds.sk\/hu\/?s={search_term_string}"},"query-input":"required name=search_term_string"}],"inLanguage":"hu"},{"@type":"Person","@id":"https:\/\/www.stresnyboxds.sk\/hu\/#\/schema\/person\/51542f9d51580e0f9eb07b1c994219ac","name":"Andr\u00e1s Mayer","image":{"@type":"ImageObject","inLanguage":"hu","@id":"https:\/\/www.stresnyboxds.sk\/hu\/#\/schema\/person\/image\/","url":"https:\/\/secure.gravatar.com\/avatar\/372736136de52bf9eee501365f112228?s=96&d=mm&r=g","contentUrl":"https:\/\/secure.gravatar.com\/avatar\/372736136de52bf9eee501365f112228?s=96&d=mm&r=g","caption":"Andr\u00e1s Mayer"},"url":"https:\/\/www.stresnyboxds.sk\/hu\/author\/ambusiness\/"}]}},"_links":{"self":[{"href":"https:\/\/www.stresnyboxds.sk\/hu\/wp-json\/wp\/v2\/posts\/1926"}],"collection":[{"href":"https:\/\/www.stresnyboxds.sk\/hu\/wp-json\/wp\/v2\/posts"}],"about":[{"href":"https:\/\/www.stresnyboxds.sk\/hu\/wp-json\/wp\/v2\/types\/post"}],"author":[{"embeddable":true,"href":"https:\/\/www.stresnyboxds.sk\/hu\/wp-json\/wp\/v2\/users\/7"}],"replies":[{"embeddable":true,"href":"https:\/\/www.stresnyboxds.sk\/hu\/wp-json\/wp\/v2\/comments?post=1926"}],"version-history":[{"count":6,"href":"https:\/\/www.stresnyboxds.sk\/hu\/wp-json\/wp\/v2\/posts\/1926\/revisions"}],"predecessor-version":[{"id":1934,"href":"https:\/\/www.stresnyboxds.sk\/hu\/wp-json\/wp\/v2\/posts\/1926\/revisions\/1934"}],"wp:featuredmedia":[{"embeddable":true,"href":"https:\/\/www.stresnyboxds.sk\/hu\/wp-json\/wp\/v2\/media\/1924"}],"wp:attachment":[{"href":"https:\/\/www.stresnyboxds.sk\/hu\/wp-json\/wp\/v2\/media?parent=1926"}],"wp:term":[{"taxonomy":"category","embeddable":true,"href":"https:\/\/www.stresnyboxds.sk\/hu\/wp-json\/wp\/v2\/categories?post=1926"},{"taxonomy":"post_tag","embeddable":true,"href":"https:\/\/www.stresnyboxds.sk\/hu\/wp-json\/wp\/v2\/tags?post=1926"}],"curies":[{"name":"wp","href":"https:\/\/api.w.org\/{rel}","templated":true}]}}