{"id":1964,"date":"2025-12-16T15:05:01","date_gmt":"2025-12-16T14:05:01","guid":{"rendered":"https:\/\/www.stresnyboxds.sk\/?p=1964"},"modified":"2025-12-17T11:30:24","modified_gmt":"2025-12-17T10:30:24","slug":"sifelszereles-az-autoban-tetobox-vagy-silectarto","status":"publish","type":"post","link":"https:\/\/www.stresnyboxds.sk\/hu\/2025\/12\/16\/sifelszereles-az-autoban-tetobox-vagy-silectarto\/","title":{"rendered":"S\u00edfelszerel\u00e9s az aut\u00f3ban: tet\u0151box vagy s\u00edl\u00e9ctart\u00f3?"},"content":{"rendered":"\n<p>S\u00edelni indulunk, \u00e9s azon gondolkodunk, hogy tet\u0151box vagy s\u00edl\u00e9ctart\u00f3 a megold\u00e1s? Enn\u00e9l a d\u00f6nt\u00e9sn\u00e9l t\u00f6bb szempont j\u00e1tszik szerepet. Fontos \u00e1tgondolni, mennyi felszerel\u00e9sre van sz\u00fcks\u00e9g\u00fcnk, \u00e9s milyen gyakran utazunk. M\u00edg az alkalmi s\u00edel\u0151k sz\u00e1m\u00e1ra \u00e1ltal\u00e1ban praktikusabb \u00e9s kedvez\u0151bb \u00e1r\u00fa a hagyom\u00e1nyos s\u00edl\u00e9ctart\u00f3, addig a csal\u00e1doknak \u00e9s a rendszeresen utaz\u00f3knak a tet\u0151box sokkal t\u00f6bb helyet \u00e9s v\u00e9delmet biztos\u00edt. A r\u00e9szletek ebben a cikkben olvashat\u00f3ak.    <\/p>\n\n\n\n<h2>A tet\u0151box el\u0151nyei<\/h2>\n\n\n\n<p>A tet\u0151box nem csak a s\u00edl\u00e9cek sz\u00e1ll\u00edt\u00e1s\u00e1ra alkalmas. Helyet k\u00edn\u00e1l a s\u00edbakancsoknak, a sisakoknak, a botoknak \u00e9s m\u00e1s sportfelszerel\u00e9snek is. A t\u00edpust\u00f3l f\u00fcgg\u0151en <strong>k\u00f6r\u00fclbel\u00fcl 50\u201375 kg<\/strong> terhet b\u00edrnak, \u00edgy gond n\u00e9lk\u00fcl <strong>t\u00e1rolj\u00e1k a teljes t\u00e9li felszerel\u00e9st<\/strong>. Nagy el\u0151nye a <strong>v\u00e9delem az id\u0151j\u00e1r\u00e1si k\u00f6r\u00fclm\u00e9nyekkel szemben<\/strong>. A felszerel\u00e9s sz\u00e1raz \u00e9s tiszta marad. A tartalma el van rejtve, kev\u00e9sb\u00e9 felt\u0171n\u0151, ami kisebb lop\u00e1skock\u00e1zatot jelent a nyitott t\u00e1rol\u00f3khoz k\u00e9pest. Minden biztons\u00e1gosan z\u00e1rhat\u00f3 a boxon bel\u00fcl.  <\/p>\n\n\n\n<p>Ha a v\u00e1s\u00e1rl\u00e1s mellett d\u00f6nt\u00fcnk, a felszerel\u00e9s ugyan kiss\u00e9 bonyolultabb, de miut\u00e1n megvan, <strong>eg\u00e9sz t\u00e9len \u00e1t \u00e9lvezhet\u0151 az extra csomagt\u00e9r<\/strong>. J\u00f3 megold\u00e1s lehet a tet\u0151csomagtart\u00f3 b\u00e9rl\u00e9se is. <a href=\"https:\/\/www.stresnyboxds.sk\/hu\/2025\/11\/24\/tetocsomagtarto-berlese\/\">C\u00e9g\u00fcnkn\u00e9l<\/a> a tet\u0151csomagtart\u00f3 b\u00e9rl\u00e9se eset\u00e9n a biztons\u00e1gos felszerel\u00e9st \u00e9s leszerel\u00e9st is garant\u00e1ljuk, ezt teljes eg\u00e9sz\u00e9ben elint\u00e9zz\u00fck, mivel ez a b\u00e9rl\u00e9s d\u00edj\u00e1ba beletartozik.  <\/p>\n\n\n\n<p>A tet\u0151box ide\u00e1lis csal\u00e1doknak, vagy azoknak, akik gyakran k\u00fczdenek a csomagt\u00e9r kisebb m\u00e9ret\u00e9vel. A nagy kapacit\u00e1s\u00e1nak k\u00f6sz\u00f6nhet\u0151en (\u00e1ltal\u00e1ban <strong>270 \u00e9s 650 liter k\u00f6z\u00f6tt<\/strong>) ny\u00e1ron is j\u00f3l haszn\u00e1lhat\u00f3, p\u00e9ld\u00e1ul nyaral\u00e1sokn\u00e1l a csomagtart\u00f3 b\u0151v\u00edt\u00e9sek\u00e9nt. A j\u00f3 min\u0151s\u00e9g\u0171, aerodinamikus tet\u0151box \u00e1ltal\u00e1ban <strong>kevesebb zajt \u00e9s l\u00e9gellen\u00e1ll\u00e1st okoz<\/strong>, mint a nyitott s\u00edl\u00e9ctart\u00f3k.<\/p>\n\n\n\n<h2>A tet\u0151box h\u00e1tr\u00e1nyai<\/h2>\n\n\n\n<p>Ha v\u00e1s\u00e1rl\u00e1son gondolkodunk, sz\u00e1moljunk azzal, hogy ez egy <strong>dr\u00e1g\u00e1bb beruh\u00e1z\u00e1s<\/strong>, \u00e9s \u00e1ltal\u00e1ban sz\u00fcks\u00e9g lesz keresztrudakra is, ha az aut\u00f3 alapesetben nem rendelkezik vele. A boxok \u00e1ra a m\u00e9rett\u0151l, m\u00e1rk\u00e1t\u00f3l \u00e9s az anyagt\u00f3l f\u00fcgg. <\/p>\n\n\n\n<p>Ha megb\u00edzhat\u00f3s\u00e1got keres\u00fcnk, mindenk\u00e9ppen a Thule tet\u0151csomagtart\u00f3 vagy tet\u0151box v\u00e1laszt\u00e1s\u00e1t aj\u00e1nljuk. Kiv\u00e1l\u00f3 min\u0151s\u00e9g, k\u00f6nny\u0171 haszn\u00e1lat \u00e9s magas tart\u00f3ss\u00e1g jellemzi \u0151ket. A megfelel\u0151 kiv\u00e1laszt\u00e1sn\u00e1l \u00e9rdemes figyelembe venni nemcsak a s\u00edl\u00e9cek hossz\u00e1t \u00e9s sz\u00e1m\u00e1t, hanem a box teherb\u00edr\u00e1s\u00e1t \u00e9s az aut\u00f3 maxim\u00e1lis tet\u0151terhelhet\u0151s\u00e9g\u00e9t is, hogy a vezet\u00e9s biztons\u00e1gos \u00e9s stabil legyen. <\/p>\n\n\n\n<p><strong>A tet\u0151box felszerel\u00e9se \u00e9s leszerel\u00e9se bonyolultabb lehet,<\/strong> mint egy egyszer\u0171 s\u00edl\u00e9ctart\u00f3\u00e9. Gyakran legal\u00e1bb k\u00e9t emberre van hozz\u00e1 sz\u00fcks\u00e9g. A szezon v\u00e9g\u00e9n t\u00e1rolni kell valahol, ami gondot okozhat, f\u0151leg, ha lak\u00e1sban, \u00e9l\u00fcnk, gar\u00e1zs n\u00e9lk\u00fcl. \u00c1t kell gondolni, hol f\u00e9rne el, esetleg hossz\u00fa t\u00e1von nem el\u0151ny\u00f6sebb-e a tet\u0151csomagtart\u00f3 b\u00e9rl\u00e9se. <\/p>\n\n\n\n<p>Ha nem szeretn\u00e9nk bajl\u00f3dni a v\u00e1s\u00e1rl\u00e1ssal \u00e9s a t\u00e1rol\u00e1ssal, <a href=\"https:\/\/www.stresnyboxds.sk\/hu\/2025\/11\/24\/tetocsomagtarto-berlese\/\">c\u00e9g\u00fcnk<\/a> Thule vagy Yakima m\u00e1rk\u00e1j\u00fa tet\u0151box k\u00f6lcs\u00f6nz\u00e9st, illetve tet\u0151s\u00ednek b\u00e9rl\u00e9s\u00e9t is k\u00edn\u00e1lja bizonyos aut\u00f3t\u00edpusokra, m\u00e1r napi 7 eur\u00f3t\u00f3l. <strong>A tet\u0151box h\u00e1tr\u00e1nyai k\u00f6z\u00e9 tartozik a magasabb \u00fczemanyag-fogyaszt\u00e1s is.<\/strong> Ez term\u00e9szetes, hiszen b\u00e1rmit tesz\u00fcnk a tet\u0151re, n\u0151 a l\u00e9gellen\u00e1ll\u00e1s. A box eset\u00e9ben ez \u00e1ltal\u00e1ban m\u00e9rs\u00e9kelt, de jelen van. <strong>A menetstabilit\u00e1sra is hat\u00e1ssal lehet<\/strong>, b\u00e1r megfelel\u0151 felszerel\u00e9s \u00e9s sebess\u00e9g mellett ezek a k\u00fcl\u00f6nbs\u00e9gek kicsik.   <\/p>\n\n\n\n<figure class=\"wp-block-image size-large\"><img decoding=\"async\" loading=\"lazy\" width=\"1024\" height=\"678\" src=\"https:\/\/www.stresnyboxds.sk\/wp-content\/uploads\/2025\/12\/stresny-box-vyhody-nevyhody-1024x678.jpg\" alt=\"Thule tet\u0151box \u2013 el\u0151ny\u00f6k \u00e9s h\u00e1tr\u00e1nyok.  \" class=\"wp-image-1955\" srcset=\"https:\/\/www.stresnyboxds.sk\/wp-content\/uploads\/2025\/12\/stresny-box-vyhody-nevyhody-1024x678.jpg 1024w, https:\/\/www.stresnyboxds.sk\/wp-content\/uploads\/2025\/12\/stresny-box-vyhody-nevyhody-300x199.jpg 300w, https:\/\/www.stresnyboxds.sk\/wp-content\/uploads\/2025\/12\/stresny-box-vyhody-nevyhody-768x509.jpg 768w, https:\/\/www.stresnyboxds.sk\/wp-content\/uploads\/2025\/12\/stresny-box-vyhody-nevyhody-1536x1017.jpg 1536w, https:\/\/www.stresnyboxds.sk\/wp-content\/uploads\/2025\/12\/stresny-box-vyhody-nevyhody.jpg 1631w\" sizes=\"(max-width: 1024px) 100vw, 1024px\" \/><\/figure>\n\n\n\n<h2>A s\u00edl\u00e9ctart\u00f3 el\u0151nyei<\/h2>\n\n\n\n<p>A s\u00edl\u00e9ctart\u00f3 <strong>kiv\u00e1l\u00f3 \u00e1r-\u00e9rt\u00e9k ar\u00e1nyt k\u00edn\u00e1l<\/strong>. K\u00e9nyelmesen t\u00e1rolhatjuk a s\u00edl\u00e9ceket, \u00e9s a haszn\u00e1lata nagyon egyszer\u0171. A tart\u00f3t a keresztrudakra r\u00f6gz\u00edtj\u00fck, a s\u00edl\u00e9ceket k\u00e9t gum\u00edrozott szor\u00edt\u00f3 k\u00f6z\u00e9 tessz\u00fck, amelyek biztons\u00e1gosan tartj\u00e1k \u0151ket, majd mindent lez\u00e1runk. Az egyes modellek els\u0151sorban a rakod\u00f3fel\u00fclet hossz\u00e1ban k\u00fcl\u00f6nb\u00f6znek. Ha csak s\u00edl\u00e9ceket vagy snowboardot visz\u00fcnk, elegend\u0151 a s\u00edl\u00e9ctart\u00f3, nem kell nagy tet\u0151boxba fektetni. <\/p>\n\n\n\n<p>A s\u00edl\u00e9ctart\u00f3 f\u0151 el\u0151nye a <strong>kedvez\u0151 \u00e1r<\/strong>, ami ide\u00e1lis v\u00e1laszt\u00e1s alkalmi s\u00edel\u0151knek vagy azoknak, akik nem sz\u00e1ll\u00edtanak sok felszerel\u00e9st. R\u00e1ad\u00e1sul nagyon <strong>praktikus \u00e9s rugalmas<\/strong> \u2013 a felszerel\u00e9s \u00e9s leszerel\u00e9s gyors \u00e9s k\u00f6nny\u0171, amit f\u0151k\u00e9nt az alkalmi kiruccan\u00e1sokn\u00e1l el\u0151ny\u00f6s. A szezon v\u00e9g\u00e9n egyszer\u0171en leszerelhet\u0151 \u00e9s <strong>minim\u00e1lis helyet foglal,<\/strong> \u00edgy j\u00f3val kisebb helyet ig\u00e9nyel, mint egy tet\u0151box.<\/p>\n\n\n\n<h2>A s\u00edl\u00e9ctart\u00f3 h\u00e1tr\u00e1nyai<\/h2>\n\n\n\n<p>A s\u00edl\u00e9ctart\u00f3knak azonban h\u00e1tr\u00e1nyai is vannak. <strong>A felszerel\u00e9s menet k\u00f6zben ki van t\u00e9ve az id\u0151j\u00e1r\u00e1snak \u00e9s szennyez\u0151d\u00e9seknek<\/strong>, ami id\u0151vel gyorsabb korr\u00f3zi\u00f3hoz vagy m\u00e1s k\u00e1rosod\u00e1shoz vezethet.<\/p>\n\n\n\n<p>Mivel a s\u00edl\u00e9cek k\u00edv\u00fcl vannak, nagyobb biztons\u00e1gi kock\u00e1zatot is jelentenek \u2013 <strong>k\u00f6nnyebben hozz\u00e1f\u00e9rhet\u0151k, felt\u0171n\u0151bbek a tolvajok sz\u00e1m\u00e1ra.<\/strong><\/p>\n\n\n\n<p>Sz\u00e1molni kell azzal is, hogy a s\u00edl\u00e9ctart\u00f3 kiz\u00e1r\u00f3lag s\u00edl\u00e9cekre vagy snowboardra alkalmas. A bakancs, sisak, bot vagy m\u00e1s csomag nem f\u00e9r el benne. Ha nagyobb t\u00e1rsas\u00e1ggal vagy csal\u00e1ddal utaztok, <strong>a kapacit\u00e1s korl\u00e1tozotts\u00e1ga probl\u00e9m\u00e1t jelenthet.<\/strong><\/p>\n\n\n\n<figure class=\"wp-block-image size-large\"><img decoding=\"async\" loading=\"lazy\" width=\"1024\" height=\"683\" src=\"https:\/\/www.stresnyboxds.sk\/wp-content\/uploads\/2025\/12\/nosic-vyhody-nevyhody-1024x683.jpg\" alt=\"S\u00edl\u00e9ctart\u00f3k el\u0151nyei \u00e9s h\u00e1tr\u00e1nyai.\" class=\"wp-image-1957\" srcset=\"https:\/\/www.stresnyboxds.sk\/wp-content\/uploads\/2025\/12\/nosic-vyhody-nevyhody-1024x683.jpg 1024w, https:\/\/www.stresnyboxds.sk\/wp-content\/uploads\/2025\/12\/nosic-vyhody-nevyhody-300x200.jpg 300w, https:\/\/www.stresnyboxds.sk\/wp-content\/uploads\/2025\/12\/nosic-vyhody-nevyhody-768x512.jpg 768w, https:\/\/www.stresnyboxds.sk\/wp-content\/uploads\/2025\/12\/nosic-vyhody-nevyhody-1536x1024.jpg 1536w, https:\/\/www.stresnyboxds.sk\/wp-content\/uploads\/2025\/12\/nosic-vyhody-nevyhody.jpg 1620w\" sizes=\"(max-width: 1024px) 100vw, 1024px\" \/><\/figure>\n\n\n\n<h2>M\u00e1gneses s\u00edl\u00e9ctart\u00f3 \u2013 egy tov\u00e1bbi lehet\u0151s\u00e9g<\/h2>\n\n\n\n<p>A m\u00e1gneses s\u00edl\u00e9ctart\u00f3 gyors \u00e9s egyszer\u0171 megold\u00e1st k\u00edn\u00e1l a s\u00edl\u00e9cek sz\u00e1ll\u00edt\u00e1s\u00e1ra, keresztrudak n\u00e9lk\u00fcl. Er\u0151s m\u00e1gnessel r\u00f6gz\u00fcl k\u00f6zvetlen\u00fcl az aut\u00f3 tetej\u00e9re, ami norm\u00e1l vezet\u00e9sn\u00e9l stabilan tart.<\/p>\n\n\n\n<p>Ide\u00e1lis alkalmi s\u00edel\u0151knek, akik praktikus \u00e9s megfizethet\u0151 megold\u00e1st keresnek. Fontos azonban ellen\u0151rizni, hogy kompatibilis-e az aut\u00f3 tet\u0151szerkezet\u00e9vel, \u00e9s sz\u00e1molni kell azzal is, hogy a teherb\u00edr\u00e1s alacsonyabb lehet, mint a fixen szerelhet\u0151 megold\u00e1sokn\u00e1l.<\/p>\n\n\n\n<h2>Mire figyelj\u00fcnk a v\u00e1s\u00e1rl\u00e1sn\u00e1l?<\/h2>\n\n\n\n<p>Tet\u0151box vagy s\u00edl\u00e9ctart\u00f3 v\u00e1laszt\u00e1s\u00e1n\u00e1l n\u00e9h\u00e1ny fontos szempontot \u00e9rdemes \u00e1tgondolni. Mindenekel\u0151tt n\u00e9zz\u00fck meg, mekkora maxim\u00e1lis terhel\u00e9st b\u00edr az aut\u00f3 teteje, hogy ne terhelj\u00fck t\u00fal a j\u00e1rm\u0171vet.<\/p>\n\n\n\n<p>Ak sa rozhodujete pre stre\u0161n\u00fd box, siahnite rad\u0161ej po dlh\u0161om modeli vhodnom na ly\u017ee, ide\u00e1lne s r\u00fdchlo-up\u00ednac\u00edm syst\u00e9mom a kvalitn\u00fdm viacbodov\u00fdm z\u00e1mkom. Ha a tet\u0151box mellett d\u00f6nt\u00fcnk, \u00e9rdemes egy hosszabb, s\u00edl\u00e9cekre alkalmas modellt v\u00e1lasztani, lehet\u0151leg gyorsr\u00f6gz\u00edt\u00e9ses rendszerrel \u00e9s min\u0151s\u00e9gi t\u00f6bbpontos z\u00e1rral.<\/p>\n\n\n\n<p>A s\u00edl\u00e9ctart\u00f3kn\u00e1l a r\u00f6gz\u00edt\u00e9si mechanizmus er\u0151ss\u00e9ge, a gumiszor\u00edt\u00f3k min\u0151s\u00e9ge, a z\u00e1rhat\u00f3s\u00e1g \u00e9s a r\u00f6gz\u00edt\u00e9s stabilit\u00e1sa a legfontosabb. Menet k\u00f6zben \u00e9rdemes figyelembe venni, hogy a tet\u0151n l\u00e9v\u0151 plusz teher n\u00f6veli a l\u00e9gellen\u00e1ll\u00e1st, ez\u00e9rt c\u00e9lszer\u0171 \u00f3vatosabban vezetni, k\u00fcl\u00f6n\u00f6sen er\u0151s sz\u00e9lben vagy havaz\u00e1sban.<\/p>\n\n\n\n<figure class=\"wp-block-image size-large\"><img decoding=\"async\" loading=\"lazy\" width=\"1024\" height=\"450\" src=\"https:\/\/www.stresnyboxds.sk\/wp-content\/uploads\/2025\/12\/magneticky-nosic-1024x450.jpg\" alt=\"M\u00e1gneses s\u00edl\u00e9ctart\u00f3 \u2013 egy tov\u00e1bbi lehet\u0151s\u00e9g.\" class=\"wp-image-1959\" srcset=\"https:\/\/www.stresnyboxds.sk\/wp-content\/uploads\/2025\/12\/magneticky-nosic-1024x450.jpg 1024w, https:\/\/www.stresnyboxds.sk\/wp-content\/uploads\/2025\/12\/magneticky-nosic-300x132.jpg 300w, https:\/\/www.stresnyboxds.sk\/wp-content\/uploads\/2025\/12\/magneticky-nosic-768x338.jpg 768w, https:\/\/www.stresnyboxds.sk\/wp-content\/uploads\/2025\/12\/magneticky-nosic-1536x675.jpg 1536w, https:\/\/www.stresnyboxds.sk\/wp-content\/uploads\/2025\/12\/magneticky-nosic.jpg 1920w\" sizes=\"(max-width: 1024px) 100vw, 1024px\" \/><\/figure>\n\n\n\n<p>A havas \u00e9s jeges utak, valamint az alacsony h\u0151m\u00e9rs\u00e9klet nagy ig\u00e9nybev\u00e9telt jelent az aut\u00f3nknak. A j\u00f3 min\u0151s\u00e9g\u0171 t\u00e9li gumiabroncsok alapvet\u0151 fontoss\u00e1g\u00faak a vezet\u00e9s biztons\u00e1g\u00e1hoz. K\u00fcl\u00f6n\u00f6sen igaz ez, ha hegyvid\u00e9ki kir\u00e1ndul\u00e1sra k\u00e9sz\u00fcl\u00fcnk. Ha emellett tet\u0151boxot is szerel\u00fcnk az aut\u00f3nkra, ez megn\u00f6veli a l\u00e9gellen\u00e1ll\u00e1st \u00e9s v\u00e1ltoztat az aut\u00f3 s\u00falypontj\u00e1n is. Ebben az esetben az abroncsok szerepe m\u00e9g fontosabb\u00e1 v\u00e1lik.<\/p>\n\n\n\n<p>A megfelel\u0151 t\u00e9li gumik jelent\u0151sen ler\u00f6vid\u00edtik a f\u00e9kt\u00e1vols\u00e1got \u00e9s jav\u00edtj\u00e1k a stabilit\u00e1st. <a href=\"https:\/\/www.gumywebshop.sk\/\">A Gumywebshop k\u00edn\u00e1lat\u00e1ban <\/a>k\u00fcl\u00f6nb\u00f6z\u0151 m\u00e1rk\u00e1j\u00fa \u00e9s m\u00e9ret\u0171 min\u0151s\u00e9gi abroncsokat tal\u00e1lhatunk, amelyeket k\u00e9nyelmesen, n\u00e9h\u00e1ny kattint\u00e1ssal rendelhet\u00fcnk meg. <\/p>\n\n\n\n<p>Ha v\u00e1lasztanunk kell a s\u00edl\u00e9ctart\u00f3 \u00e9s a tet\u0151box k\u00f6z\u00f6tt, mindig a saj\u00e1t ig\u00e9nyeinket vegy\u00fck alapul.\nHa alkalmi s\u00edel\u0151k vagyunk \u00e9s nincs sok csomagunk, a s\u00edl\u00e9ctart\u00f3 \u00e1ltal\u00e1ban praktikusabb \u00e9s kedvez\u0151bb \u00e1r\u00fa.\nHa viszont csal\u00e1ddal vagy gyakran j\u00e1runk, a tet\u0151box sokkal t\u00f6bb helyet, v\u00e9delmet \u00e9s rugalmass\u00e1got ad.  <\/p>\n","protected":false},"excerpt":{"rendered":"<p>S\u00edelni indulunk, \u00e9s azon gondolkodunk, hogy tet\u0151box vagy s\u00edl\u00e9ctart\u00f3 a megold\u00e1s? Enn\u00e9l a d\u00f6nt\u00e9sn\u00e9l t\u00f6bb szempont j\u00e1tszik szerepet. Fontos \u00e1tgondolni, mennyi felszerel\u00e9sre van sz\u00fcks\u00e9g\u00fcnk, \u00e9s milyen gyakran utazunk. M\u00edg az alkalmi s\u00edel\u0151k sz\u00e1m\u00e1ra \u00e1ltal\u00e1ban praktikusabb \u00e9s kedvez\u0151bb \u00e1r\u00fa a hagyom\u00e1nyos s\u00edl\u00e9ctart\u00f3, addig a csal\u00e1doknak \u00e9s a rendszeresen utaz\u00f3knak a tet\u0151box sokkal t\u00f6bb helyet \u00e9s v\u00e9delmet [&hellip;]<\/p>\n","protected":false},"author":7,"featured_media":1962,"comment_status":"closed","ping_status":"open","sticky":false,"template":"","format":"standard","meta":[],"categories":[115],"tags":[],"yoast_head":"<!-- This site is optimized with the Yoast SEO plugin v20.3 - https:\/\/yoast.com\/wordpress\/plugins\/seo\/ -->\n<title>S\u00edfelszerel\u00e9s az aut\u00f3ban: tet\u0151box vagy s\u00edl\u00e9ctart\u00f3?<\/title>\n<meta name=\"description\" content=\"Tet\u0151box vagy s\u00edl\u00e9ctart\u00f3? A v\u00e1laszt\u00e1s els\u0151sorban att\u00f3l f\u00fcgg, mennyi felszerel\u00e9st sz\u00e1ll\u00edtunk \u00e9s milyen gyakran utazunk. M\u00edg az egy\u00e9ni vagy alkalmi s\u00edel\u0151knek \u00e1ltal\u00e1ban a s\u00edl\u00e9ctart\u00f3 a praktikusabb \u00e9s kedvez\u0151bb megold\u00e1s, addig a csal\u00e1doknak \u00e9s a rendszeresen s\u00edel\u0151knek a tet\u0151box biztos\u00edt sokkal t\u00f6bb helyet \u00e9s v\u00e9delmet.\" \/>\n<meta name=\"robots\" content=\"index, follow, max-snippet:-1, max-image-preview:large, max-video-preview:-1\" \/>\n<link rel=\"canonical\" href=\"https:\/\/www.stresnyboxds.sk\/hu\/2025\/12\/16\/sifelszereles-az-autoban-tetobox-vagy-silectarto\/\" \/>\n<meta property=\"og:locale\" content=\"hu_HU\" \/>\n<meta property=\"og:type\" content=\"article\" \/>\n<meta property=\"og:title\" content=\"S\u00edfelszerel\u00e9s az aut\u00f3ban: tet\u0151box vagy s\u00edl\u00e9ctart\u00f3?\" \/>\n<meta property=\"og:description\" content=\"Tet\u0151box vagy s\u00edl\u00e9ctart\u00f3? A v\u00e1laszt\u00e1s els\u0151sorban att\u00f3l f\u00fcgg, mennyi felszerel\u00e9st sz\u00e1ll\u00edtunk \u00e9s milyen gyakran utazunk. M\u00edg az egy\u00e9ni vagy alkalmi s\u00edel\u0151knek \u00e1ltal\u00e1ban a s\u00edl\u00e9ctart\u00f3 a praktikusabb \u00e9s kedvez\u0151bb megold\u00e1s, addig a csal\u00e1doknak \u00e9s a rendszeresen s\u00edel\u0151knek a tet\u0151box biztos\u00edt sokkal t\u00f6bb helyet \u00e9s v\u00e9delmet.\" \/>\n<meta property=\"og:url\" content=\"https:\/\/www.stresnyboxds.sk\/hu\/2025\/12\/16\/sifelszereles-az-autoban-tetobox-vagy-silectarto\/\" \/>\n<meta property=\"og:site_name\" content=\"StresnyboxDS.sk\" \/>\n<meta property=\"article:published_time\" content=\"2025-12-16T14:05:01+00:00\" \/>\n<meta property=\"article:modified_time\" content=\"2025-12-17T10:30:24+00:00\" \/>\n<meta property=\"og:image\" content=\"https:\/\/www.stresnyboxds.sk\/wp-content\/uploads\/2025\/12\/lyziarska-vybava-v-aute.jpg\" \/>\n\t<meta property=\"og:image:width\" content=\"1620\" \/>\n\t<meta property=\"og:image:height\" content=\"1080\" \/>\n\t<meta property=\"og:image:type\" content=\"image\/jpeg\" \/>\n<meta name=\"author\" content=\"Andr\u00e1s Mayer\" \/>\n<meta name=\"twitter:card\" content=\"summary_large_image\" \/>\n<meta name=\"twitter:label1\" content=\"Szerz\u0151:\" \/>\n\t<meta name=\"twitter:data1\" content=\"Andr\u00e1s Mayer\" \/>\n\t<meta name=\"twitter:label2\" content=\"Becs\u00fclt olvas\u00e1si id\u0151\" \/>\n\t<meta name=\"twitter:data2\" content=\"6 perc\" \/>\n<script type=\"application\/ld+json\" class=\"yoast-schema-graph\">{\"@context\":\"https:\/\/schema.org\",\"@graph\":[{\"@type\":\"WebPage\",\"@id\":\"https:\/\/www.stresnyboxds.sk\/hu\/2025\/12\/16\/sifelszereles-az-autoban-tetobox-vagy-silectarto\/\",\"url\":\"https:\/\/www.stresnyboxds.sk\/hu\/2025\/12\/16\/sifelszereles-az-autoban-tetobox-vagy-silectarto\/\",\"name\":\"S\u00edfelszerel\u00e9s az aut\u00f3ban: tet\u0151box vagy s\u00edl\u00e9ctart\u00f3?\",\"isPartOf\":{\"@id\":\"https:\/\/www.stresnyboxds.sk\/hu\/#website\"},\"datePublished\":\"2025-12-16T14:05:01+00:00\",\"dateModified\":\"2025-12-17T10:30:24+00:00\",\"author\":{\"@id\":\"https:\/\/www.stresnyboxds.sk\/hu\/#\/schema\/person\/51542f9d51580e0f9eb07b1c994219ac\"},\"description\":\"Tet\u0151box vagy s\u00edl\u00e9ctart\u00f3? A v\u00e1laszt\u00e1s els\u0151sorban att\u00f3l f\u00fcgg, mennyi felszerel\u00e9st sz\u00e1ll\u00edtunk \u00e9s milyen gyakran utazunk. M\u00edg az egy\u00e9ni vagy alkalmi s\u00edel\u0151knek \u00e1ltal\u00e1ban a s\u00edl\u00e9ctart\u00f3 a praktikusabb \u00e9s kedvez\u0151bb megold\u00e1s, addig a csal\u00e1doknak \u00e9s a rendszeresen s\u00edel\u0151knek a tet\u0151box biztos\u00edt sokkal t\u00f6bb helyet \u00e9s v\u00e9delmet.\",\"breadcrumb\":{\"@id\":\"https:\/\/www.stresnyboxds.sk\/hu\/2025\/12\/16\/sifelszereles-az-autoban-tetobox-vagy-silectarto\/#breadcrumb\"},\"inLanguage\":\"hu\",\"potentialAction\":[{\"@type\":\"ReadAction\",\"target\":[\"https:\/\/www.stresnyboxds.sk\/hu\/2025\/12\/16\/sifelszereles-az-autoban-tetobox-vagy-silectarto\/\"]}]},{\"@type\":\"BreadcrumbList\",\"@id\":\"https:\/\/www.stresnyboxds.sk\/hu\/2025\/12\/16\/sifelszereles-az-autoban-tetobox-vagy-silectarto\/#breadcrumb\",\"itemListElement\":[{\"@type\":\"ListItem\",\"position\":1,\"name\":\"\u00davod\",\"item\":\"https:\/\/www.stresnyboxds.sk\/hu\/\"},{\"@type\":\"ListItem\",\"position\":2,\"name\":\"S\u00edfelszerel\u00e9s az aut\u00f3ban: tet\u0151box vagy s\u00edl\u00e9ctart\u00f3?\"}]},{\"@type\":\"WebSite\",\"@id\":\"https:\/\/www.stresnyboxds.sk\/hu\/#website\",\"url\":\"https:\/\/www.stresnyboxds.sk\/hu\/\",\"name\":\"StresnyboxDS.sk\",\"description\":\"\",\"potentialAction\":[{\"@type\":\"SearchAction\",\"target\":{\"@type\":\"EntryPoint\",\"urlTemplate\":\"https:\/\/www.stresnyboxds.sk\/hu\/?s={search_term_string}\"},\"query-input\":\"required name=search_term_string\"}],\"inLanguage\":\"hu\"},{\"@type\":\"Person\",\"@id\":\"https:\/\/www.stresnyboxds.sk\/hu\/#\/schema\/person\/51542f9d51580e0f9eb07b1c994219ac\",\"name\":\"Andr\u00e1s Mayer\",\"image\":{\"@type\":\"ImageObject\",\"inLanguage\":\"hu\",\"@id\":\"https:\/\/www.stresnyboxds.sk\/hu\/#\/schema\/person\/image\/\",\"url\":\"https:\/\/secure.gravatar.com\/avatar\/372736136de52bf9eee501365f112228?s=96&d=mm&r=g\",\"contentUrl\":\"https:\/\/secure.gravatar.com\/avatar\/372736136de52bf9eee501365f112228?s=96&d=mm&r=g\",\"caption\":\"Andr\u00e1s Mayer\"},\"url\":\"https:\/\/www.stresnyboxds.sk\/hu\/author\/ambusiness\/\"}]}<\/script>\n<!-- \/ Yoast SEO plugin. -->","yoast_head_json":{"title":"S\u00edfelszerel\u00e9s az aut\u00f3ban: tet\u0151box vagy s\u00edl\u00e9ctart\u00f3?","description":"Tet\u0151box vagy s\u00edl\u00e9ctart\u00f3? A v\u00e1laszt\u00e1s els\u0151sorban att\u00f3l f\u00fcgg, mennyi felszerel\u00e9st sz\u00e1ll\u00edtunk \u00e9s milyen gyakran utazunk. M\u00edg az egy\u00e9ni vagy alkalmi s\u00edel\u0151knek \u00e1ltal\u00e1ban a s\u00edl\u00e9ctart\u00f3 a praktikusabb \u00e9s kedvez\u0151bb megold\u00e1s, addig a csal\u00e1doknak \u00e9s a rendszeresen s\u00edel\u0151knek a tet\u0151box biztos\u00edt sokkal t\u00f6bb helyet \u00e9s v\u00e9delmet.","robots":{"index":"index","follow":"follow","max-snippet":"max-snippet:-1","max-image-preview":"max-image-preview:large","max-video-preview":"max-video-preview:-1"},"canonical":"https:\/\/www.stresnyboxds.sk\/hu\/2025\/12\/16\/sifelszereles-az-autoban-tetobox-vagy-silectarto\/","og_locale":"hu_HU","og_type":"article","og_title":"S\u00edfelszerel\u00e9s az aut\u00f3ban: tet\u0151box vagy s\u00edl\u00e9ctart\u00f3?","og_description":"Tet\u0151box vagy s\u00edl\u00e9ctart\u00f3? A v\u00e1laszt\u00e1s els\u0151sorban att\u00f3l f\u00fcgg, mennyi felszerel\u00e9st sz\u00e1ll\u00edtunk \u00e9s milyen gyakran utazunk. M\u00edg az egy\u00e9ni vagy alkalmi s\u00edel\u0151knek \u00e1ltal\u00e1ban a s\u00edl\u00e9ctart\u00f3 a praktikusabb \u00e9s kedvez\u0151bb megold\u00e1s, addig a csal\u00e1doknak \u00e9s a rendszeresen s\u00edel\u0151knek a tet\u0151box biztos\u00edt sokkal t\u00f6bb helyet \u00e9s v\u00e9delmet.","og_url":"https:\/\/www.stresnyboxds.sk\/hu\/2025\/12\/16\/sifelszereles-az-autoban-tetobox-vagy-silectarto\/","og_site_name":"StresnyboxDS.sk","article_published_time":"2025-12-16T14:05:01+00:00","article_modified_time":"2025-12-17T10:30:24+00:00","og_image":[{"width":1620,"height":1080,"url":"https:\/\/www.stresnyboxds.sk\/wp-content\/uploads\/2025\/12\/lyziarska-vybava-v-aute.jpg","type":"image\/jpeg"}],"author":"Andr\u00e1s Mayer","twitter_card":"summary_large_image","twitter_misc":{"Szerz\u0151:":"Andr\u00e1s Mayer","Becs\u00fclt olvas\u00e1si id\u0151":"6 perc"},"schema":{"@context":"https:\/\/schema.org","@graph":[{"@type":"WebPage","@id":"https:\/\/www.stresnyboxds.sk\/hu\/2025\/12\/16\/sifelszereles-az-autoban-tetobox-vagy-silectarto\/","url":"https:\/\/www.stresnyboxds.sk\/hu\/2025\/12\/16\/sifelszereles-az-autoban-tetobox-vagy-silectarto\/","name":"S\u00edfelszerel\u00e9s az aut\u00f3ban: tet\u0151box vagy s\u00edl\u00e9ctart\u00f3?","isPartOf":{"@id":"https:\/\/www.stresnyboxds.sk\/hu\/#website"},"datePublished":"2025-12-16T14:05:01+00:00","dateModified":"2025-12-17T10:30:24+00:00","author":{"@id":"https:\/\/www.stresnyboxds.sk\/hu\/#\/schema\/person\/51542f9d51580e0f9eb07b1c994219ac"},"description":"Tet\u0151box vagy s\u00edl\u00e9ctart\u00f3? A v\u00e1laszt\u00e1s els\u0151sorban att\u00f3l f\u00fcgg, mennyi felszerel\u00e9st sz\u00e1ll\u00edtunk \u00e9s milyen gyakran utazunk. M\u00edg az egy\u00e9ni vagy alkalmi s\u00edel\u0151knek \u00e1ltal\u00e1ban a s\u00edl\u00e9ctart\u00f3 a praktikusabb \u00e9s kedvez\u0151bb megold\u00e1s, addig a csal\u00e1doknak \u00e9s a rendszeresen s\u00edel\u0151knek a tet\u0151box biztos\u00edt sokkal t\u00f6bb helyet \u00e9s v\u00e9delmet.","breadcrumb":{"@id":"https:\/\/www.stresnyboxds.sk\/hu\/2025\/12\/16\/sifelszereles-az-autoban-tetobox-vagy-silectarto\/#breadcrumb"},"inLanguage":"hu","potentialAction":[{"@type":"ReadAction","target":["https:\/\/www.stresnyboxds.sk\/hu\/2025\/12\/16\/sifelszereles-az-autoban-tetobox-vagy-silectarto\/"]}]},{"@type":"BreadcrumbList","@id":"https:\/\/www.stresnyboxds.sk\/hu\/2025\/12\/16\/sifelszereles-az-autoban-tetobox-vagy-silectarto\/#breadcrumb","itemListElement":[{"@type":"ListItem","position":1,"name":"\u00davod","item":"https:\/\/www.stresnyboxds.sk\/hu\/"},{"@type":"ListItem","position":2,"name":"S\u00edfelszerel\u00e9s az aut\u00f3ban: tet\u0151box vagy s\u00edl\u00e9ctart\u00f3?"}]},{"@type":"WebSite","@id":"https:\/\/www.stresnyboxds.sk\/hu\/#website","url":"https:\/\/www.stresnyboxds.sk\/hu\/","name":"StresnyboxDS.sk","description":"","potentialAction":[{"@type":"SearchAction","target":{"@type":"EntryPoint","urlTemplate":"https:\/\/www.stresnyboxds.sk\/hu\/?s={search_term_string}"},"query-input":"required name=search_term_string"}],"inLanguage":"hu"},{"@type":"Person","@id":"https:\/\/www.stresnyboxds.sk\/hu\/#\/schema\/person\/51542f9d51580e0f9eb07b1c994219ac","name":"Andr\u00e1s Mayer","image":{"@type":"ImageObject","inLanguage":"hu","@id":"https:\/\/www.stresnyboxds.sk\/hu\/#\/schema\/person\/image\/","url":"https:\/\/secure.gravatar.com\/avatar\/372736136de52bf9eee501365f112228?s=96&d=mm&r=g","contentUrl":"https:\/\/secure.gravatar.com\/avatar\/372736136de52bf9eee501365f112228?s=96&d=mm&r=g","caption":"Andr\u00e1s Mayer"},"url":"https:\/\/www.stresnyboxds.sk\/hu\/author\/ambusiness\/"}]}},"_links":{"self":[{"href":"https:\/\/www.stresnyboxds.sk\/hu\/wp-json\/wp\/v2\/posts\/1964"}],"collection":[{"href":"https:\/\/www.stresnyboxds.sk\/hu\/wp-json\/wp\/v2\/posts"}],"about":[{"href":"https:\/\/www.stresnyboxds.sk\/hu\/wp-json\/wp\/v2\/types\/post"}],"author":[{"embeddable":true,"href":"https:\/\/www.stresnyboxds.sk\/hu\/wp-json\/wp\/v2\/users\/7"}],"replies":[{"embeddable":true,"href":"https:\/\/www.stresnyboxds.sk\/hu\/wp-json\/wp\/v2\/comments?post=1964"}],"version-history":[{"count":6,"href":"https:\/\/www.stresnyboxds.sk\/hu\/wp-json\/wp\/v2\/posts\/1964\/revisions"}],"predecessor-version":[{"id":1978,"href":"https:\/\/www.stresnyboxds.sk\/hu\/wp-json\/wp\/v2\/posts\/1964\/revisions\/1978"}],"wp:featuredmedia":[{"embeddable":true,"href":"https:\/\/www.stresnyboxds.sk\/hu\/wp-json\/wp\/v2\/media\/1962"}],"wp:attachment":[{"href":"https:\/\/www.stresnyboxds.sk\/hu\/wp-json\/wp\/v2\/media?parent=1964"}],"wp:term":[{"taxonomy":"category","embeddable":true,"href":"https:\/\/www.stresnyboxds.sk\/hu\/wp-json\/wp\/v2\/categories?post=1964"},{"taxonomy":"post_tag","embeddable":true,"href":"https:\/\/www.stresnyboxds.sk\/hu\/wp-json\/wp\/v2\/tags?post=1964"}],"curies":[{"name":"wp","href":"https:\/\/api.w.org\/{rel}","templated":true}]}}