{"id":2002,"date":"2026-02-13T11:50:52","date_gmt":"2026-02-13T10:50:52","guid":{"rendered":"https:\/\/www.stresnyboxds.sk\/2026\/02\/13\/hogyan-valasszunk-tetoboxot-csaladi-utazashoz\/"},"modified":"2026-02-13T12:09:00","modified_gmt":"2026-02-13T11:09:00","slug":"hogyan-valasszunk-tetoboxot-csaladi-utazashoz","status":"publish","type":"post","link":"https:\/\/www.stresnyboxds.sk\/hu\/2026\/02\/13\/hogyan-valasszunk-tetoboxot-csaladi-utazashoz\/","title":{"rendered":"Hogyan v\u00e1lasszunk tet\u0151boxot csal\u00e1di utaz\u00e1shoz?"},"content":{"rendered":"\n<p>Egy csal\u00e1di aut\u00f3s utaz\u00e1s remek alkalom a k\u00f6z\u00f6s \u00e9lm\u00e9nyekre \u00e9s a kikapcsol\u00f3d\u00e1sra. Ugyanakkor gyakran felmer\u00fcl egy praktikus probl\u00e9ma:<strong> egyszer\u0171en nincs el\u00e9g helye a csomagoknak<\/strong>. Ilyenkor jelent ide\u00e1lis megold\u00e1st egy tet\u0151box. De hogyan v\u00e1lasszuk ki a megfelel\u0151t, hogy ne csak biztons\u00e1gos \u00e9s praktikus legyen, hanem a vezet\u00e9si k\u00e9nyelmet se cs\u00f6kkentse?  <\/p>\n\n<p>A tet\u0151csomagtart\u00f3 kiv\u00e1laszt\u00e1sakor legt\u00f6bben els\u0151sorban a <strong>t\u00e9rfogatot <\/strong>veszik figyelembe, hiszen fontos, hogy elf\u00e9rjen benne minden sz\u00fcks\u00e9ges holmi. Ugyanakkor sz\u00e1m\u00edt a<strong> j\u00e1rm\u0171 m\u00e9rete, a box teherb\u00edr\u00e1sa, valamint az aut\u00f3 teljes magass\u00e1ga<\/strong> is. L\u00e9nyeges szempont tov\u00e1bb\u00e1 a <strong>keresztrudakkal val\u00f3 kompatibilit\u00e1s, a nyit\u00e1si m\u00f3d \u00e9s az aerodinamikai kialak\u00edt\u00e1s<\/strong> is, hiszen ezek befoly\u00e1solj\u00e1k a zajszintet \u00e9s az \u00fczemanyag-fogyaszt\u00e1st. <\/p>\n\n<p>Ebben a cikkben <strong>l\u00e9p\u00e9sr\u0151l l\u00e9p\u00e9sre, \u00e9rthet\u0151en bemutatjuk, hogyan v\u00e1laszd ki a megfelel\u0151 tet\u0151boxot egy csal\u00e1di utaz\u00e1shoz<\/strong>, felesleges technikai bonyodalmak n\u00e9lk\u00fcl.<\/p>\n\n<p>Megmutatjuk, milyen m\u00e9ret \u00e9s t\u00e9rfogat ide\u00e1lis, mire kell figyelni a tet\u0151 \u00e9s a box teherb\u00edr\u00e1s\u00e1n\u00e1l, milyen hat\u00e1ssal van a tet\u0151box az aut\u00f3 vezet\u00e9si tulajdons\u00e1gaira, \u00e9s mi\u00e9rt nem mindig a legnagyobb modell a legjobb v\u00e1laszt\u00e1s. Emellett tan\u00e1csot adunk a megfelel\u0151 r\u00f6gz\u00edt\u00e9shez \u00e9s forma kiv\u00e1laszt\u00e1s\u00e1hoz is, hogy az utaz\u00e1s k\u00e9nyelmes, gazdas\u00e1gos \u00e9s mindenekel\u0151tt biztons\u00e1gos legyen. <\/p>\n\n<p>A v\u00e1laszt\u00e1s sor\u00e1n k\u00fcl\u00f6n\u00f6sen fontos szempontok: <\/p>\n\n<ul>\n<li>a haszn\u00e1lat c\u00e9lja \u00e9s gyakoris\u00e1ga, <\/li>\n\n\n\n<li>a doboz m\u00e9rete \u00e9s t\u00e9rfogata, <\/li>\n\n\n\n<li>a teherb\u00edr\u00e1s \u00e9s az aut\u00f3val val\u00f3 kompatibilit\u00e1s, <\/li>\n\n\n\n<li>gyakorlati tulajdons\u00e1gok (\u00f6sszeszerel\u00e9s, nyit\u00e1s), <\/li>\n\n\n\n<li>\u00e1r \u00e9s k\u00f6lts\u00e9gvet\u00e9s. <\/li>\n<\/ul>\n\n<figure class=\"wp-block-image size-large\"><img decoding=\"async\" loading=\"lazy\" width=\"1024\" height=\"683\" src=\"https:\/\/www.stresnyboxds.sk\/wp-content\/uploads\/2026\/02\/stresny-box-thule-northline-1024x683.jpg\" alt=\"A Thule &#xE9;s Northline tet&#x151;dobozok j&#xF3; v&#xE1;laszt&#xE1;sok.\" class=\"wp-image-1993\" srcset=\"https:\/\/www.stresnyboxds.sk\/wp-content\/uploads\/2026\/02\/stresny-box-thule-northline-1024x683.jpg 1024w, https:\/\/www.stresnyboxds.sk\/wp-content\/uploads\/2026\/02\/stresny-box-thule-northline-300x200.jpg 300w, https:\/\/www.stresnyboxds.sk\/wp-content\/uploads\/2026\/02\/stresny-box-thule-northline-768x512.jpg 768w, https:\/\/www.stresnyboxds.sk\/wp-content\/uploads\/2026\/02\/stresny-box-thule-northline-1536x1024.jpg 1536w, https:\/\/www.stresnyboxds.sk\/wp-content\/uploads\/2026\/02\/stresny-box-thule-northline.jpg 1620w\" sizes=\"(max-width: 1024px) 100vw, 1024px\" \/><\/figure>\n\n<h2><strong>1. Haszn\u00e1lati ig\u00e9ny \u00e9s c\u00e9l<\/strong> <\/h2>\n\n<p>A tet\u0151doboz kiv\u00e1laszt\u00e1sa el\u0151tt \u00e9rdemes n\u00e9h\u00e1ny alapvet\u0151 k\u00e9rd\u00e9sre v\u00e1laszolni. <\/p>\n\n<ul>\n<li><strong>Milyen t\u00e1rgyakat szeretn\u00e9l sz\u00e1ll\u00edtani?<\/strong> Ha kisgyermekeid vannak, extra helyre lehet sz\u00fcks\u00e9ged a babakocsinak vagy plusz csomagoknak. Nagyobb gyerekek eset\u00e9n sz\u00f3ba j\u00f6het s\u00edfelszerel\u00e9s, s\u00e1tor, h\u00e1l\u00f3zs\u00e1k vagy egy\u00e9b sporteszk\u00f6z. <\/li>\n\n\n\n<li><strong>H\u00e1nyan utaztok, \u00e9s mennyi csomagra van sz\u00fcks\u00e9g?<\/strong> Min\u00e9l t\u00f6bb csal\u00e1dtag van, ann\u00e1l ink\u00e1bb meg\u00e9ri tet\u0151boxban gondolkodni. Ha a csomagok m\u00e1r nem f\u00e9rnek el a csomagtart\u00f3ban, a tet\u0151csomagtart\u00f3 seg\u00edt meg\u0151rizni az utast\u00e9r k\u00e9nyelm\u00e9t. <\/li>\n\n\n\n<li><strong>Eg\u00e9sz \u00e9vben haszn\u00e1ln\u00e1d-e a dobozt, vagy csak szezon\u00e1lisan?<\/strong> Ha csak ritk\u00e1n, p\u00e9ld\u00e1ul nyaral\u00e1sokra vagy t\u00e9li sportol\u00e1shoz, akkor a <a href=\"https:\/\/www.stresnyboxds.sk\/hu\/termekek\/\">b\u00e9rl\u00e9s <\/a>sokszor gazdas\u00e1gosabb megold\u00e1s lehet. \u00cdgy nem kell a t\u00e1rol\u00e1ssal \u00e9s karbantart\u00e1ssal foglalkoznod. <\/li>\n<\/ul>\n\n<h2><strong>2. M\u00e9ret \u00e9s t\u00e9rfogat <\/strong><\/h2>\n\n<p>A tet\u0151boxok t\u00e9rfogat\u00e1t literben adj\u00e1k meg. A kisebb, 300\u2013380 literes modellek r\u00f6videbb utakhoz vagy kisebb aut\u00f3khoz ide\u00e1lisak. <strong>Egy \u00e1tlagos csal\u00e1di nyaral\u00e1shoz \u00e1ltal\u00e1ban elegend\u0151 egy 380\u2013450 literes doboz.<\/strong> Hosszabb utakhoz vagy sportfelszerel\u00e9shez ink\u00e1bb a 450\u2013600 literes m\u00e9ret aj\u00e1nlott.  <\/p>\n\n<p>Mindig ellen\u0151rizd a bels\u0151 m\u00e9reteket is, \u00e9s igaz\u00edtsd azokat a sz\u00e1ll\u00edtani k\u00edv\u00e1nt t\u00e1rgyakhoz. Ha p\u00e9ld\u00e1ul babakocsit szeretn\u00e9l vinni, \u00e9rdemes r\u00f6videbb, de sz\u00e9lesebb \u00e9s magasabb modellt v\u00e1lasztani, amelyben a nagyobb rakom\u00e1ny is k\u00e9nyelmesen elf\u00e9r. Ilyen p\u00e9ld\u00e1ul a Thule Force XT M vagy a <a href=\"https:\/\/www.stresnyboxds.sk\/hu\/termekek\/?view=cardetails&amp;carid=2\">Yakima EasyTrip 550.<\/a>   <\/p>\n\n<p><strong>A s\u00edl\u00e9cekhez tervezett dobozok \u00e1ltal\u00e1ban keskenyebbek \u00e9s hosszabbak.<\/strong> Itt k\u00fcl\u00f6n\u00f6sen fontos a megfelel\u0151 hossz kiv\u00e1laszt\u00e1sa. S\u00edfut\u00f3l\u00e9c a lehet\u0151 leghosszabb dobozok aj\u00e1nlottak, p\u00e9ld\u00e1ul a Thule Motion XT Alpine. A snowboardok \u00e9s alpesi s\u00edl\u00e9cek r\u00f6videbbek, \u00edgy ezekhez nem sz\u00fcks\u00e9ges extr\u00e1n hossz\u00fa modell. A<a href=\"https:\/\/www.stresnyboxds.sk\/hu\/termekek\/?view=cardetails&amp;carid=1\"> Thule Pacific 780<\/a> p\u00e9ld\u00e1ul ak\u00e1r \u00f6t p\u00e1r s\u00edl\u00e9cet vagy n\u00e9gy snowboardot is befogad.   <\/p>\n\n<p><strong>\u00c1ltal\u00e1nos szab\u00e1ly, hogy a tet\u0151box ne l\u00f3gjon t\u00fal jelent\u0151sen sem el\u00f6l, sem h\u00e1tul.<\/strong> Az el\u00f6l t\u00falny\u00fal\u00f3 doboz akad\u00e1lyozhatja a kil\u00e1t\u00e1st, a h\u00e1tul t\u00fall\u00f3g\u00f3 pedig megnehez\u00edtheti a csomagtart\u00f3 haszn\u00e1lat\u00e1t. <\/p>\n\n<figure class=\"wp-block-image size-large\"><img decoding=\"async\" loading=\"lazy\" width=\"1024\" height=\"683\" src=\"https:\/\/www.stresnyboxds.sk\/wp-content\/uploads\/2026\/02\/stresny-box-bmw-mercedes-1024x683.jpg\" alt=\"Tet&#x151;csomagtart&#xF3;ba val&#xF3; pakol&#xE1;s\" class=\"wp-image-1997\" srcset=\"https:\/\/www.stresnyboxds.sk\/wp-content\/uploads\/2026\/02\/stresny-box-bmw-mercedes-1024x683.jpg 1024w, https:\/\/www.stresnyboxds.sk\/wp-content\/uploads\/2026\/02\/stresny-box-bmw-mercedes-300x200.jpg 300w, https:\/\/www.stresnyboxds.sk\/wp-content\/uploads\/2026\/02\/stresny-box-bmw-mercedes-768x512.jpg 768w, https:\/\/www.stresnyboxds.sk\/wp-content\/uploads\/2026\/02\/stresny-box-bmw-mercedes-1536x1024.jpg 1536w, https:\/\/www.stresnyboxds.sk\/wp-content\/uploads\/2026\/02\/stresny-box-bmw-mercedes.jpg 1620w\" sizes=\"(max-width: 1024px) 100vw, 1024px\" \/><\/figure>\n\n<h2><strong>3. Teherkapacit\u00e1s \u00e9s kompatibilit\u00e1s<\/strong> <\/h2>\n\n<p>A v\u00e1laszt\u00e1sn\u00e1l ne csak a doboz teherb\u00edr\u00e1s\u00e1t vedd figyelembe, hanem az aut\u00f3 maxim\u00e1lis tet\u0151terhel\u00e9s\u00e9t is. Ezt a j\u00e1rm\u0171 m\u0171szaki adatlapja tartalmazza, \u00e1ltal\u00e1ban 50\u2013100 kg k\u00f6z\u00f6tt mozog. Ebbe bele kell sz\u00e1m\u00edtani a tet\u0151box \u00e9s a keresztrudak s\u00faly\u00e1t is.  <\/p>\n\n<p><strong>Fontos az is, hogy a doboz megfelel\u0151en illeszkedjen a tet\u0151csomagtart\u00f3 rudakhoz.<\/strong> T\u00f6bbf\u00e9le r\u00f6gz\u00edt\u00e9si rendszer l\u00e9tezik. Az olcs\u00f3bb modellek gyakran U-t\u00edpus\u00fa r\u00f6gz\u00edt\u00e9st haszn\u00e1lnak, amely felszerel\u00e9se id\u0151ig\u00e9nyesebb.  <\/p>\n\n<p>Ha gyakran szeretn\u00e9d fel- \u00e9s leszerelni a dobozt, \u00e9rdemes k\u00e9nyelmesebb megold\u00e1st v\u00e1lasztani, p\u00e9ld\u00e1ul T-hornyos r\u00f6gz\u00edt\u00e9st. <\/p>\n\n<p><strong>A Thule pr\u00e9mium modelljei Fast Grip rendszerrel k\u00e9sz\u00fclnek, amely gyors \u00e9s egyszer\u0171 felszerel\u00e9st tesz lehet\u0151v\u00e9. <\/strong>A be\u00e9p\u00edtett nyomat\u00e9kjelz\u0151 jelzi, mikor van megfelel\u0151en megh\u00fazva a r\u00f6gz\u00edt\u00e9s, \u00edgy nincs sz\u00fcks\u00e9g k\u00fcl\u00f6n szersz\u00e1mokra.  <\/p>\n\n<p>\u00dcgyelj arra is, hogy a doboz p\u00e1rhuzamosan \u00e1lljon az aut\u00f3 oldal\u00e1val.  <strong>A ferde felszerel\u00e9s n\u00f6veli a l\u00e9gellen\u00e1ll\u00e1st, a fogyaszt\u00e1st, \u00e9s rontja a vezet\u00e9si \u00e9lm\u00e9nyt.<\/strong><\/p>\n\n<h2><strong>4. Gyakorlati szempontok<\/strong> <\/h2>\n\n<p>Tet\u0151box v\u00e1s\u00e1rl\u00e1sa vagy b\u00e9rl\u00e9se el\u0151tt t\u00f6bbf\u00e9le szempont is hasznos lehet. <\/p>\n\n<h3><strong>Nyit\u00e1s<\/strong> <\/h3>\n\n<p>A tet\u0151csomagtart\u00f3k lehetnek egyoldali vagy k\u00e9toldali nyit\u00e1s\u00faak. <strong>A k\u00e9toldali nyit\u00e1s jelent\u0151sen megk\u00f6nny\u00edti a pakol\u00e1st<\/strong>, k\u00fcl\u00f6n\u00f6sen sz\u0171k parkol\u00f3helyeken.  <\/p>\n\n<h3><strong>Biztons\u00e1g<\/strong><\/h3>\n\n<p>Fontos a j\u00f3 min\u0151s\u00e9g\u0171 z\u00e1r \u00e9s a megb\u00edzhat\u00f3 r\u00f6gz\u00edt\u00e9s.<strong> A pr\u00e9mium modellek k\u00f6zponti z\u00e1rrendszerrel rendelkeznek<\/strong>, t\u00f6bb z\u00e1r\u00e1si ponttal, amely n\u00f6veli a lop\u00e1s elleni v\u00e9delmet.<\/p>\n\n<h3><strong>Aerodinamika \u00e9s zaj<\/strong><\/h3>\n\n<p>Az aerodinamikus forma cs\u00f6kkenti a zajt \u00e9s a l\u00e9gellen\u00e1ll\u00e1st. J\u00f3 p\u00e9lda erre a <a href=\"https:\/\/www.stresnyboxds.sk\/hu\/termekek\/?view=cardetails&amp;carid=4\">Northline EvoSpaceTEF<\/a>, amely l\u00e9pcs\u0151mentes els\u0151 r\u00e9sz\u00e9nek k\u00f6sz\u00f6nhet\u0151en nagy sebess\u00e9gn\u00e9l is csendes \u00e9s stabil.  <\/p>\n\n<h3><strong>Fogyaszt\u00e1s \u00e9s vezet\u00e9s<\/strong> <\/h3>\n\n<p>Tet\u0151box haszn\u00e1latakor mindig sz\u00e1m\u00edts n\u00e9mi fogyaszt\u00e1sn\u00f6veked\u00e9sre.  <strong>Sokan hajlamosak t\u00fal nagy dobozt v\u00e1lasztani, pedig gyakran egy j\u00f3l form\u00e1zott, \u00e9szszer\u0171 m\u00e9ret\u0171 modell sokkal jobb megold\u00e1s.<\/strong><\/p>\n\n<p>A teljesen megrakott tet\u0151box megemeli az aut\u00f3 s\u00falypontj\u00e1t, ez\u00e9rt kanyarokban \u00e9s nagyobb sebess\u00e9gn\u00e9l \u00f3vatosabban kell vezetni. Ne feledkezz meg az aut\u00f3 megn\u00f6vekedett magass\u00e1g\u00e1r\u00f3l sem, k\u00fcl\u00f6n\u00f6sen gar\u00e1zsokban \u00e9s alulj\u00e1r\u00f3kban. <\/p>\n\n<h3>5. \u00c1r \u00e9s k\u00f6lts\u00e9gvet\u00e9s<\/h3>\n\n<p>Az alapmodellek \u00e1ra k\u00f6r\u00fclbel\u00fcl 200 eur\u00f3n\u00e1l kezd\u0151dik. A csal\u00e1dok sz\u00e1m\u00e1ra ide\u00e1lis <strong>k\u00f6z\u00e9pkateg\u00f3ri\u00e1s dobozok jellemz\u0151en 300\u2013500 eur\u00f3ba<\/strong> ker\u00fclnek. A pr\u00e9mium modellek \u00e1ra el\u00e9rheti a 800 eur\u00f3t is. <br\/>Ha csak alkalmank\u00e9nt haszn\u00e1ln\u00e1d a tet\u0151boxot, \u00e9rdemes a <a href=\"https:\/\/www.stresnyboxds.sk\/hu\/\">b\u00e9rl\u00e9st <\/a>is megfontolni. A b\u00e9rleti d\u00edjak \u00e1ltal\u00e1ban napi 7 eur\u00f3t\u00f3l indulnak.   <\/p>\n\n<figure class=\"wp-block-image size-large\"><img decoding=\"async\" loading=\"lazy\" width=\"1024\" height=\"683\" src=\"https:\/\/www.stresnyboxds.sk\/wp-content\/uploads\/2026\/02\/stresny-box-zvysena-spotreba-paliva-1024x683.jpg\" alt=\"A megfelel&#x151; tet&#x151;box kiv&#xE1;laszt&#xE1;sa nem puszt&#xE1;n arr&#xF3;l sz&#xF3;l, hogy min&#xE9;l nagyobb legyen. Sokkal fontosabb a m&#xE9;ret, a teherb&#xED;r&#xE1;s, az alak &#xE9;s az aut&#xF3;val val&#xF3; kompatibilit&#xE1;s megfelel&#x151; kombin&#xE1;ci&#xF3;ja. \" class=\"wp-image-1991\" srcset=\"https:\/\/www.stresnyboxds.sk\/wp-content\/uploads\/2026\/02\/stresny-box-zvysena-spotreba-paliva-1024x683.jpg 1024w, https:\/\/www.stresnyboxds.sk\/wp-content\/uploads\/2026\/02\/stresny-box-zvysena-spotreba-paliva-300x200.jpg 300w, https:\/\/www.stresnyboxds.sk\/wp-content\/uploads\/2026\/02\/stresny-box-zvysena-spotreba-paliva-768x512.jpg 768w, https:\/\/www.stresnyboxds.sk\/wp-content\/uploads\/2026\/02\/stresny-box-zvysena-spotreba-paliva-1536x1024.jpg 1536w, https:\/\/www.stresnyboxds.sk\/wp-content\/uploads\/2026\/02\/stresny-box-zvysena-spotreba-paliva.jpg 1620w\" sizes=\"(max-width: 1024px) 100vw, 1024px\" \/><\/figure>\n\n<p>Ha figyelembe veszed azt, mit sz\u00e1ll\u00edtasz, az<strong> aut\u00f3 tet\u0151terhel\u00e9si korl\u00e1tait \u00e9s a r\u00f6gz\u00edt\u00e9s m\u00f3dj\u00e1t<\/strong>, egy olyan praktikus eszk\u00f6zt kapsz, amely megk\u00f6nny\u00edti az utaz\u00e1st.<\/p>\n\n<p>Egy j\u00f3l megv\u00e1lasztott tet\u0151box jav\u00edtja a csomagok elrendez\u00e9s\u00e9t, n\u00f6veli az utasok k\u00e9nyelm\u00e9t, \u00e9s hozz\u00e1j\u00e1rul a biztons\u00e1gosabb k\u00f6zleked\u00e9shez. Felesleges fogyaszt\u00e1sn\u00f6veked\u00e9s vagy vezet\u00e9si kompromisszumok n\u00e9lk\u00fcl. Ne feledd: sokszor a kevesebb t\u00f6bb. Egy j\u00f3l megtervezett, aerodinamikus doboz gyakran jobb v\u00e1laszt\u00e1s, mint egy ritk\u00e1n haszn\u00e1lt, t\u00falm\u00e9retezett modell.  <\/p>\n","protected":false},"excerpt":{"rendered":"<p>Egy csal\u00e1di aut\u00f3s utaz\u00e1s remek alkalom a k\u00f6z\u00f6s \u00e9lm\u00e9nyekre \u00e9s a kikapcsol\u00f3d\u00e1sra. Ugyanakkor gyakran felmer\u00fcl egy praktikus probl\u00e9ma: egyszer\u0171en nincs el\u00e9g helye a csomagoknak. Ilyenkor jelent ide\u00e1lis megold\u00e1st egy tet\u0151box. De hogyan v\u00e1lasszuk ki a megfelel\u0151t, hogy ne csak biztons\u00e1gos \u00e9s praktikus legyen, hanem a vezet\u00e9si k\u00e9nyelmet se cs\u00f6kkentse? A tet\u0151csomagtart\u00f3 kiv\u00e1laszt\u00e1sakor legt\u00f6bben els\u0151sorban a [&hellip;]<\/p>\n","protected":false},"author":7,"featured_media":1996,"comment_status":"closed","ping_status":"open","sticky":false,"template":"","format":"standard","meta":[],"categories":[115],"tags":[],"yoast_head":"<!-- This site is optimized with the Yoast SEO plugin v20.3 - https:\/\/yoast.com\/wordpress\/plugins\/seo\/ -->\n<title>Hogyan v\u00e1lasszunk tet\u0151boxot csal\u00e1di utaz\u00e1shoz?<\/title>\n<meta name=\"description\" content=\"Tal\u00e1ld meg az ide\u00e1lis tet\u0151boxot utaz\u00e1sodhoz! Ismerd meg a legfontosabb szempontokat: m\u00e9ret, teherb\u00edr\u00e1s, r\u00f6gz\u00edt\u00e9s \u00e9s aut\u00f3kompatibilit\u00e1s.\" \/>\n<meta name=\"robots\" content=\"index, follow, max-snippet:-1, max-image-preview:large, max-video-preview:-1\" \/>\n<link rel=\"canonical\" href=\"https:\/\/www.stresnyboxds.sk\/hu\/2026\/02\/13\/hogyan-valasszunk-tetoboxot-csaladi-utazashoz\/\" \/>\n<meta property=\"og:locale\" content=\"hu_HU\" \/>\n<meta property=\"og:type\" content=\"article\" \/>\n<meta property=\"og:title\" content=\"Hogyan v\u00e1lasszunk tet\u0151boxot csal\u00e1di utaz\u00e1shoz?\" \/>\n<meta property=\"og:description\" content=\"Tal\u00e1ld meg az ide\u00e1lis tet\u0151boxot utaz\u00e1sodhoz! Ismerd meg a legfontosabb szempontokat: m\u00e9ret, teherb\u00edr\u00e1s, r\u00f6gz\u00edt\u00e9s \u00e9s aut\u00f3kompatibilit\u00e1s.\" \/>\n<meta property=\"og:url\" content=\"https:\/\/www.stresnyboxds.sk\/hu\/2026\/02\/13\/hogyan-valasszunk-tetoboxot-csaladi-utazashoz\/\" \/>\n<meta property=\"og:site_name\" content=\"StresnyboxDS.sk\" \/>\n<meta property=\"article:published_time\" content=\"2026-02-13T10:50:52+00:00\" \/>\n<meta property=\"article:modified_time\" content=\"2026-02-13T11:09:00+00:00\" \/>\n<meta property=\"og:image\" content=\"https:\/\/www.stresnyboxds.sk\/wp-content\/uploads\/2026\/02\/stresny-box-rodinny-vylet.jpg\" \/>\n\t<meta property=\"og:image:width\" content=\"1620\" \/>\n\t<meta property=\"og:image:height\" content=\"1080\" \/>\n\t<meta property=\"og:image:type\" content=\"image\/jpeg\" \/>\n<meta name=\"author\" content=\"Andr\u00e1s Mayer\" \/>\n<meta name=\"twitter:card\" content=\"summary_large_image\" \/>\n<meta name=\"twitter:label1\" content=\"Szerz\u0151:\" \/>\n\t<meta name=\"twitter:data1\" content=\"Andr\u00e1s Mayer\" \/>\n\t<meta name=\"twitter:label2\" content=\"Becs\u00fclt olvas\u00e1si id\u0151\" \/>\n\t<meta name=\"twitter:data2\" content=\"7 perc\" \/>\n<script type=\"application\/ld+json\" class=\"yoast-schema-graph\">{\"@context\":\"https:\/\/schema.org\",\"@graph\":[{\"@type\":\"WebPage\",\"@id\":\"https:\/\/www.stresnyboxds.sk\/hu\/2026\/02\/13\/hogyan-valasszunk-tetoboxot-csaladi-utazashoz\/\",\"url\":\"https:\/\/www.stresnyboxds.sk\/hu\/2026\/02\/13\/hogyan-valasszunk-tetoboxot-csaladi-utazashoz\/\",\"name\":\"Hogyan v\u00e1lasszunk tet\u0151boxot csal\u00e1di utaz\u00e1shoz?\",\"isPartOf\":{\"@id\":\"https:\/\/www.stresnyboxds.sk\/hu\/#website\"},\"datePublished\":\"2026-02-13T10:50:52+00:00\",\"dateModified\":\"2026-02-13T11:09:00+00:00\",\"author\":{\"@id\":\"https:\/\/www.stresnyboxds.sk\/hu\/#\/schema\/person\/51542f9d51580e0f9eb07b1c994219ac\"},\"description\":\"Tal\u00e1ld meg az ide\u00e1lis tet\u0151boxot utaz\u00e1sodhoz! Ismerd meg a legfontosabb szempontokat: m\u00e9ret, teherb\u00edr\u00e1s, r\u00f6gz\u00edt\u00e9s \u00e9s aut\u00f3kompatibilit\u00e1s.\",\"breadcrumb\":{\"@id\":\"https:\/\/www.stresnyboxds.sk\/hu\/2026\/02\/13\/hogyan-valasszunk-tetoboxot-csaladi-utazashoz\/#breadcrumb\"},\"inLanguage\":\"hu\",\"potentialAction\":[{\"@type\":\"ReadAction\",\"target\":[\"https:\/\/www.stresnyboxds.sk\/hu\/2026\/02\/13\/hogyan-valasszunk-tetoboxot-csaladi-utazashoz\/\"]}]},{\"@type\":\"BreadcrumbList\",\"@id\":\"https:\/\/www.stresnyboxds.sk\/hu\/2026\/02\/13\/hogyan-valasszunk-tetoboxot-csaladi-utazashoz\/#breadcrumb\",\"itemListElement\":[{\"@type\":\"ListItem\",\"position\":1,\"name\":\"\u00davod\",\"item\":\"https:\/\/www.stresnyboxds.sk\/hu\/\"},{\"@type\":\"ListItem\",\"position\":2,\"name\":\"Hogyan v\u00e1lasszunk tet\u0151boxot csal\u00e1di utaz\u00e1shoz?\"}]},{\"@type\":\"WebSite\",\"@id\":\"https:\/\/www.stresnyboxds.sk\/hu\/#website\",\"url\":\"https:\/\/www.stresnyboxds.sk\/hu\/\",\"name\":\"StresnyboxDS.sk\",\"description\":\"\",\"potentialAction\":[{\"@type\":\"SearchAction\",\"target\":{\"@type\":\"EntryPoint\",\"urlTemplate\":\"https:\/\/www.stresnyboxds.sk\/hu\/?s={search_term_string}\"},\"query-input\":\"required name=search_term_string\"}],\"inLanguage\":\"hu\"},{\"@type\":\"Person\",\"@id\":\"https:\/\/www.stresnyboxds.sk\/hu\/#\/schema\/person\/51542f9d51580e0f9eb07b1c994219ac\",\"name\":\"Andr\u00e1s Mayer\",\"image\":{\"@type\":\"ImageObject\",\"inLanguage\":\"hu\",\"@id\":\"https:\/\/www.stresnyboxds.sk\/hu\/#\/schema\/person\/image\/\",\"url\":\"https:\/\/secure.gravatar.com\/avatar\/372736136de52bf9eee501365f112228?s=96&d=mm&r=g\",\"contentUrl\":\"https:\/\/secure.gravatar.com\/avatar\/372736136de52bf9eee501365f112228?s=96&d=mm&r=g\",\"caption\":\"Andr\u00e1s Mayer\"},\"url\":\"https:\/\/www.stresnyboxds.sk\/hu\/author\/ambusiness\/\"}]}<\/script>\n<!-- \/ Yoast SEO plugin. -->","yoast_head_json":{"title":"Hogyan v\u00e1lasszunk tet\u0151boxot csal\u00e1di utaz\u00e1shoz?","description":"Tal\u00e1ld meg az ide\u00e1lis tet\u0151boxot utaz\u00e1sodhoz! Ismerd meg a legfontosabb szempontokat: m\u00e9ret, teherb\u00edr\u00e1s, r\u00f6gz\u00edt\u00e9s \u00e9s aut\u00f3kompatibilit\u00e1s.","robots":{"index":"index","follow":"follow","max-snippet":"max-snippet:-1","max-image-preview":"max-image-preview:large","max-video-preview":"max-video-preview:-1"},"canonical":"https:\/\/www.stresnyboxds.sk\/hu\/2026\/02\/13\/hogyan-valasszunk-tetoboxot-csaladi-utazashoz\/","og_locale":"hu_HU","og_type":"article","og_title":"Hogyan v\u00e1lasszunk tet\u0151boxot csal\u00e1di utaz\u00e1shoz?","og_description":"Tal\u00e1ld meg az ide\u00e1lis tet\u0151boxot utaz\u00e1sodhoz! Ismerd meg a legfontosabb szempontokat: m\u00e9ret, teherb\u00edr\u00e1s, r\u00f6gz\u00edt\u00e9s \u00e9s aut\u00f3kompatibilit\u00e1s.","og_url":"https:\/\/www.stresnyboxds.sk\/hu\/2026\/02\/13\/hogyan-valasszunk-tetoboxot-csaladi-utazashoz\/","og_site_name":"StresnyboxDS.sk","article_published_time":"2026-02-13T10:50:52+00:00","article_modified_time":"2026-02-13T11:09:00+00:00","og_image":[{"width":1620,"height":1080,"url":"https:\/\/www.stresnyboxds.sk\/wp-content\/uploads\/2026\/02\/stresny-box-rodinny-vylet.jpg","type":"image\/jpeg"}],"author":"Andr\u00e1s Mayer","twitter_card":"summary_large_image","twitter_misc":{"Szerz\u0151:":"Andr\u00e1s Mayer","Becs\u00fclt olvas\u00e1si id\u0151":"7 perc"},"schema":{"@context":"https:\/\/schema.org","@graph":[{"@type":"WebPage","@id":"https:\/\/www.stresnyboxds.sk\/hu\/2026\/02\/13\/hogyan-valasszunk-tetoboxot-csaladi-utazashoz\/","url":"https:\/\/www.stresnyboxds.sk\/hu\/2026\/02\/13\/hogyan-valasszunk-tetoboxot-csaladi-utazashoz\/","name":"Hogyan v\u00e1lasszunk tet\u0151boxot csal\u00e1di utaz\u00e1shoz?","isPartOf":{"@id":"https:\/\/www.stresnyboxds.sk\/hu\/#website"},"datePublished":"2026-02-13T10:50:52+00:00","dateModified":"2026-02-13T11:09:00+00:00","author":{"@id":"https:\/\/www.stresnyboxds.sk\/hu\/#\/schema\/person\/51542f9d51580e0f9eb07b1c994219ac"},"description":"Tal\u00e1ld meg az ide\u00e1lis tet\u0151boxot utaz\u00e1sodhoz! Ismerd meg a legfontosabb szempontokat: m\u00e9ret, teherb\u00edr\u00e1s, r\u00f6gz\u00edt\u00e9s \u00e9s aut\u00f3kompatibilit\u00e1s.","breadcrumb":{"@id":"https:\/\/www.stresnyboxds.sk\/hu\/2026\/02\/13\/hogyan-valasszunk-tetoboxot-csaladi-utazashoz\/#breadcrumb"},"inLanguage":"hu","potentialAction":[{"@type":"ReadAction","target":["https:\/\/www.stresnyboxds.sk\/hu\/2026\/02\/13\/hogyan-valasszunk-tetoboxot-csaladi-utazashoz\/"]}]},{"@type":"BreadcrumbList","@id":"https:\/\/www.stresnyboxds.sk\/hu\/2026\/02\/13\/hogyan-valasszunk-tetoboxot-csaladi-utazashoz\/#breadcrumb","itemListElement":[{"@type":"ListItem","position":1,"name":"\u00davod","item":"https:\/\/www.stresnyboxds.sk\/hu\/"},{"@type":"ListItem","position":2,"name":"Hogyan v\u00e1lasszunk tet\u0151boxot csal\u00e1di utaz\u00e1shoz?"}]},{"@type":"WebSite","@id":"https:\/\/www.stresnyboxds.sk\/hu\/#website","url":"https:\/\/www.stresnyboxds.sk\/hu\/","name":"StresnyboxDS.sk","description":"","potentialAction":[{"@type":"SearchAction","target":{"@type":"EntryPoint","urlTemplate":"https:\/\/www.stresnyboxds.sk\/hu\/?s={search_term_string}"},"query-input":"required name=search_term_string"}],"inLanguage":"hu"},{"@type":"Person","@id":"https:\/\/www.stresnyboxds.sk\/hu\/#\/schema\/person\/51542f9d51580e0f9eb07b1c994219ac","name":"Andr\u00e1s Mayer","image":{"@type":"ImageObject","inLanguage":"hu","@id":"https:\/\/www.stresnyboxds.sk\/hu\/#\/schema\/person\/image\/","url":"https:\/\/secure.gravatar.com\/avatar\/372736136de52bf9eee501365f112228?s=96&d=mm&r=g","contentUrl":"https:\/\/secure.gravatar.com\/avatar\/372736136de52bf9eee501365f112228?s=96&d=mm&r=g","caption":"Andr\u00e1s Mayer"},"url":"https:\/\/www.stresnyboxds.sk\/hu\/author\/ambusiness\/"}]}},"_links":{"self":[{"href":"https:\/\/www.stresnyboxds.sk\/hu\/wp-json\/wp\/v2\/posts\/2002"}],"collection":[{"href":"https:\/\/www.stresnyboxds.sk\/hu\/wp-json\/wp\/v2\/posts"}],"about":[{"href":"https:\/\/www.stresnyboxds.sk\/hu\/wp-json\/wp\/v2\/types\/post"}],"author":[{"embeddable":true,"href":"https:\/\/www.stresnyboxds.sk\/hu\/wp-json\/wp\/v2\/users\/7"}],"replies":[{"embeddable":true,"href":"https:\/\/www.stresnyboxds.sk\/hu\/wp-json\/wp\/v2\/comments?post=2002"}],"version-history":[{"count":1,"href":"https:\/\/www.stresnyboxds.sk\/hu\/wp-json\/wp\/v2\/posts\/2002\/revisions"}],"predecessor-version":[{"id":2003,"href":"https:\/\/www.stresnyboxds.sk\/hu\/wp-json\/wp\/v2\/posts\/2002\/revisions\/2003"}],"wp:featuredmedia":[{"embeddable":true,"href":"https:\/\/www.stresnyboxds.sk\/hu\/wp-json\/wp\/v2\/media\/1996"}],"wp:attachment":[{"href":"https:\/\/www.stresnyboxds.sk\/hu\/wp-json\/wp\/v2\/media?parent=2002"}],"wp:term":[{"taxonomy":"category","embeddable":true,"href":"https:\/\/www.stresnyboxds.sk\/hu\/wp-json\/wp\/v2\/categories?post=2002"},{"taxonomy":"post_tag","embeddable":true,"href":"https:\/\/www.stresnyboxds.sk\/hu\/wp-json\/wp\/v2\/tags?post=2002"}],"curies":[{"name":"wp","href":"https:\/\/api.w.org\/{rel}","templated":true}]}}